{"id":177025,"date":"2025-06-14T23:23:09","date_gmt":"2025-06-14T23:23:09","guid":{"rendered":"https:\/\/www.europesays.com\/fr\/177025\/"},"modified":"2025-06-14T23:23:09","modified_gmt":"2025-06-14T23:23:09","slug":"un-incendie-dans-un-village-historique-au-sud-de-lallemagne-fait-deux-blesses","status":"publish","type":"post","link":"https:\/\/www.europesays.com\/fr\/177025\/","title":{"rendered":"Un incendie dans un village historique au sud de l&rsquo;Allemagne fait deux bless\u00e9s"},"content":{"rendered":"<p class=\"ap-StoryElement ap-StoryElement--mb ap-StoryText\">L&rsquo;incendie a eu lieu dans le village de Villingen-Schwenningen dans le land de Baden-W\u00fcrttemberg.<\/p>\n<p class=\"ap-StoryElement ap-StoryElement--mb ap-StoryText\">Un pompier a \u00e9t\u00e9 bless\u00e9, et un r\u00e9sident a \u00e9t\u00e9 hospitalis\u00e9 \u00e0 cause de l&rsquo;inhalation de d\u00e9gagement de fum\u00e9e, a confirm\u00e9 une porte-parole de la brigade locale.<\/p>\n<p class=\"ap-StoryElement ap-StoryElement--mb ap-StoryText\">Un b\u00e2timent s&rsquo;est partiellement effondr\u00e9 et deux autres menacent aussi de s&rsquo;\u00e9crouler, a-t-elle ajout\u00e9.<\/p>\n","protected":false},"excerpt":{"rendered":"L&rsquo;incendie a eu lieu dans le village de Villingen-Schwenningen dans le land de Baden-W\u00fcrttemberg. Un pompier a \u00e9t\u00e9&hellip;\n","protected":false},"author":2,"featured_media":2837,"comment_status":"","ping_status":"","sticky":false,"template":"","format":"standard","meta":{"footnotes":""},"categories":[1587],"tags":[11,672,1804,1805,1803,750,1777,674,1801,1310,12,1802],"class_list":{"0":"post-177025","1":"post","2":"type-post","3":"status-publish","4":"format-standard","5":"has-post-thumbnail","7":"category-allemagne","8":"tag-actualites","9":"tag-allemagne","10":"tag-bundesrepublik-deutschland","11":"tag-de","12":"tag-deutschland","13":"tag-divers","14":"tag-eu","15":"tag-europe","16":"tag-germany","17":"tag-incendie","18":"tag-news","19":"tag-republique-federale-dallemagne"},"share_on_mastodon":{"url":"https:\/\/pubeurope.com\/@fr\/114684297541405842","error":""},"_links":{"self":[{"href":"https:\/\/www.europesays.com\/fr\/wp-json\/wp\/v2\/posts\/177025","targetHints":{"allow":["GET"]}}],"collection":[{"href":"https:\/\/www.europesays.com\/fr\/wp-json\/wp\/v2\/posts"}],"about":[{"href":"https:\/\/www.europesays.com\/fr\/wp-json\/wp\/v2\/types\/post"}],"author":[{"embeddable":true,"href":"https:\/\/www.europesays.com\/fr\/wp-json\/wp\/v2\/users\/2"}],"replies":[{"embeddable":true,"href":"https:\/\/www.europesays.com\/fr\/wp-json\/wp\/v2\/comments?post=177025"}],"version-history":[{"count":0,"href":"https:\/\/www.europesays.com\/fr\/wp-json\/wp\/v2\/posts\/177025\/revisions"}],"wp:featuredmedia":[{"embeddable":true,"href":"https:\/\/www.europesays.com\/fr\/wp-json\/wp\/v2\/media\/2837"}],"wp:attachment":[{"href":"https:\/\/www.europesays.com\/fr\/wp-json\/wp\/v2\/media?parent=177025"}],"wp:term":[{"taxonomy":"category","embeddable":true,"href":"https:\/\/www.europesays.com\/fr\/wp-json\/wp\/v2\/categories?post=177025"},{"taxonomy":"post_tag","embeddable":true,"href":"https:\/\/www.europesays.com\/fr\/wp-json\/wp\/v2\/tags?post=177025"}],"curies":[{"name":"wp","href":"https:\/\/api.w.org\/{rel}","templated":true}]}}