{"id":177031,"date":"2025-06-14T23:27:12","date_gmt":"2025-06-14T23:27:12","guid":{"rendered":"https:\/\/www.europesays.com\/fr\/177031\/"},"modified":"2025-06-14T23:27:12","modified_gmt":"2025-06-14T23:27:12","slug":"los-angeles-malgre-la-presence-de-larmee-les-mobilisations-continuent-mediapart","status":"publish","type":"post","link":"https:\/\/www.europesays.com\/fr\/177031\/","title":{"rendered":"Los Angeles : malgr\u00e9 la pr\u00e9sence de l\u2019arm\u00e9e, les mobilisations continuent &#8211; Mediapart"},"content":{"rendered":"<ol>\n<li><a href=\"https:\/\/news.google.com\/rss\/articles\/CBMiwgFBVV95cUxOTm9Td01LWVlnQzZOUl9RQzlMUGNWaEJBblZqNktNTkVNVnhBcGR3MlFUZ09UdDhCM0RKYzJvOVhZcU1kbHh3cUFxODlsQlBKTXFCV2NVSlBqRldZbUx0UjJNMm14UkpDTUs0bzlCUXNZTzhtN002MkR6OWVLNC1CejJfRFRwYWptUlV0X1BxcDdzdWdGU29nMWFuZzNjZi1GOUU5ajBlQm15TERPUjhuLUdGXzVzWTIwbkRBRmdWR216dw?oc=5\" target=\"_blank\" rel=\"nofollow noopener\">Los Angeles : malgr\u00e9 la pr\u00e9sence de l\u2019arm\u00e9e, les mobilisations continuent<\/a>&nbsp;&nbsp;Mediapart<\/li>\n<li><a href=\"https:\/\/news.google.com\/rss\/articles\/CBMi7AFBVV95cUxNRFk3UEdhN3djWmZBSEgwcWJVYzZ4SElCRnQ3S1djVWdBS2VPVEw4RnZIMXRBcWh3LUlXOW9LVFBIUmdrdG1FX2ZmRG1oQ0tQdnRqVk9WNGFCR1NlMVJMYkZZYjlibU1sdExrUFZNUVk4M0ZOa0YyN0N3Ym5WVmV5bm02LTFKdzVqOTlPYnkyYkQtRTZ2TUZodm1jNHZlR2xWaU9DbzZsNjVTbnVDbUtXOHVNN3AtVUpwaTNHVGt0RDJtYm5Ic2pvU3dsRnlrUVh6YzVjVUhza2c5bXBUYkYwaGprbDU2Um5maDlvUw?oc=5\" target=\"_blank\" rel=\"nofollow noopener\">Comment Donald Trump utilise l\u2019arm\u00e9e, d\u00e9ploy\u00e9e \u00e0 Los Angeles, \u00e0 son profit politique<\/a>&nbsp;&nbsp;Le Monde.fr<\/li>\n<li><a href=\"https:\/\/news.google.com\/rss\/articles\/CBMi4AFBVV95cUxOU2JfRmR4Mk1XYzAtZ2laeGU3TnN3RW5UU3ctajlkcEpaNThlZm10VGwxcjVvMHdxRTFFVU1PSGt3Yi1QUm1MNGE0RzhQbFhzZFhoN1ZFZFVJb2dxZmJDbkN4YVdhVGNLY3dkNjBka1VCYXhPS0tRTU95V2NheEozT0RwVzEydEQtS1dGODd5c01YWWRydzVGS1VvZ2RtMXVmMFhnb19tNFFEQ3llWWpzajFwWEZHVGZ0LTZSb3RZbm9DYzJrVUNNSFBHeDRGUE9wZ1hOd3FUQk5BWnhsNDdBag?oc=5\" target=\"_blank\" rel=\"nofollow noopener\">\u00c0 Los Angeles, des habitants vivent la peur au ventre : \u201cC\u2019est terrifiant, ce qu\u2019ils font\u201d<\/a>&nbsp;&nbsp;Courrier international<\/li>\n<li><a href=\"https:\/\/news.google.com\/rss\/articles\/CBMi5wFBVV95cUxNdEZTbFJsT0RIUFRWSGpPSVJJRG1fSEs5azJVNHRBNFQ5dnV1N3V1NWd2eHVMa3hxTlVLZ29UZFhYOXZDbzlhN1FRQWN6T2loMGJYdHVVRXhkZVpXUlpkeE1zNjVXUEpzNEV0RDM0OEZUR0haS0U1aE52X0ZzcjBwLXp6U1MtdE9ORTF3amRSOVRYeVFTU3paYTRUYnQxTUxCOTg0MVI2TVptYjB2aWQxQ185cEZZemMzX2ZmN0dLbmVOUWE2NjlkbWttck11VmdsaEhUYlFmc2xUVkZtV1Z3eG9oV0d5TkU?oc=5\" target=\"_blank\" rel=\"nofollow noopener\">\u00c0 Los Angeles, les images des Marines d\u00e9ploy\u00e9s avant les manifestations contre Donald Trump<\/a>&nbsp;&nbsp;Le HuffPost<\/li>\n<li><a href=\"https:\/\/news.google.com\/rss\/articles\/CBMivwJBVV95cUxOU3V3WW1ib21pbGxYa0ZYSDkycTFraUxKUkZtMTJodFlHMVRNN1BvTS1vcWRDVzd3NWk1RnpneTNMcU1hUnVlUVVZdk8xM2RyY1B2QTRTeFJGWDVuN3NtOFJjZlZGOVZoaHhmVGM3bkhMcElJYWg4NE9iQU9CNnFGb0NweGlsSnU1SklOU1hxRjgxX2pzaTBSdU5SLUhYc0hwZGo5dWVIeFp2Zzc3RFdIbzdRcjQ1aE5tQ2g3UXRlRTZFR0NJUkV1cFNVQ18tQVR1VFZQVHdfaVFsQjIzSVRmSVQ5S2VVbFBJeHFMd3dyb1UxOGRkVGltOFNRU0VYamlsRFBYWVVFMUJrYnBXV3BxMFJNM3p3eDl6dUNLYlVjY2E0REpvbXJ0UVB0dGtXbG5BRTM3eFVxX25JOEItakxJ?oc=5\" target=\"_blank\" rel=\"nofollow noopener\">Le d\u00e9ploiement de la Garde nationale \u00e0 Los Angeles d\u00e9clar\u00e9 ill\u00e9gal par un juge, l&rsquo;administration Trump d\u00e9nonce une \u00ab\u00a0ing\u00e9rence\u00a0\u00bb<\/a>&nbsp;&nbsp;BFMTV<\/li>\n<\/ol>\n","protected":false},"excerpt":{"rendered":"Los Angeles : malgr\u00e9 la pr\u00e9sence de l\u2019arm\u00e9e, les mobilisations continuent&nbsp;&nbsp;Mediapart Comment Donald Trump utilise l\u2019arm\u00e9e, d\u00e9ploy\u00e9e \u00e0&hellip;\n","protected":false},"author":2,"featured_media":177032,"comment_status":"","ping_status":"","sticky":false,"template":"","format":"standard","meta":{"footnotes":""},"categories":[2],"tags":[11,782,75,73,1011,27,6116,10090,12,25],"class_list":{"0":"post-177031","1":"post","2":"type-post","3":"status-publish","4":"format-standard","5":"has-post-thumbnail","7":"category-actualites","8":"tag-actualites","9":"tag-ameriques","10":"tag-donald-trump","11":"tag-etats-unis","12":"tag-fr","13":"tag-france","14":"tag-los-angeles","15":"tag-migrations","16":"tag-news","17":"tag-republique-francaise"},"share_on_mastodon":{"url":"https:\/\/pubeurope.com\/@fr\/114684313228245265","error":""},"_links":{"self":[{"href":"https:\/\/www.europesays.com\/fr\/wp-json\/wp\/v2\/posts\/177031","targetHints":{"allow":["GET"]}}],"collection":[{"href":"https:\/\/www.europesays.com\/fr\/wp-json\/wp\/v2\/posts"}],"about":[{"href":"https:\/\/www.europesays.com\/fr\/wp-json\/wp\/v2\/types\/post"}],"author":[{"embeddable":true,"href":"https:\/\/www.europesays.com\/fr\/wp-json\/wp\/v2\/users\/2"}],"replies":[{"embeddable":true,"href":"https:\/\/www.europesays.com\/fr\/wp-json\/wp\/v2\/comments?post=177031"}],"version-history":[{"count":0,"href":"https:\/\/www.europesays.com\/fr\/wp-json\/wp\/v2\/posts\/177031\/revisions"}],"wp:featuredmedia":[{"embeddable":true,"href":"https:\/\/www.europesays.com\/fr\/wp-json\/wp\/v2\/media\/177032"}],"wp:attachment":[{"href":"https:\/\/www.europesays.com\/fr\/wp-json\/wp\/v2\/media?parent=177031"}],"wp:term":[{"taxonomy":"category","embeddable":true,"href":"https:\/\/www.europesays.com\/fr\/wp-json\/wp\/v2\/categories?post=177031"},{"taxonomy":"post_tag","embeddable":true,"href":"https:\/\/www.europesays.com\/fr\/wp-json\/wp\/v2\/tags?post=177031"}],"curies":[{"name":"wp","href":"https:\/\/api.w.org\/{rel}","templated":true}]}}