{"id":177033,"date":"2025-06-14T23:28:11","date_gmt":"2025-06-14T23:28:11","guid":{"rendered":"https:\/\/www.europesays.com\/fr\/177033\/"},"modified":"2025-06-14T23:28:11","modified_gmt":"2025-06-14T23:28:11","slug":"les-demi-finales-des-championnats-de-france-45-se-jouent-ce-dimanche-a-casa-padel","status":"publish","type":"post","link":"https:\/\/www.europesays.com\/fr\/177033\/","title":{"rendered":"Les demi-finales des Championnats de France +45 se jouent ce dimanche \u00e0 Casa Padel"},"content":{"rendered":"<p>Les <strong><a href=\"https:\/\/padelmagazine.fr\/championnats-de-france-de-padel-45-ans-live-resultats-programmation\/\" target=\"_blank\" rel=\"noopener\">Championnats de France de padel +45 ans<\/a><\/strong> se poursuivent ce dimanche \u00e0 <strong>Casa Padel Uno<\/strong> avec les <strong>demi-finales et finales<\/strong> au programme.<\/p>\n<p>Chez les messieurs, <strong>aucune surprise<\/strong> : les <strong>quatre premi\u00e8res t\u00eates de s\u00e9rie<\/strong> ont tenu leur rang et se retrouvent dans le dernier carr\u00e9. L\u2019affiche la plus attendue opposera <strong>Julien Datcharry \/ Nicolas Kischkewitz<\/strong> \u00e0 <strong>C\u00e9dric Carit\u00e9 \/ Jean-Michel Pequery<\/strong>, un match \u00e0 suivre <strong>en direct sur Padel Mag TV<\/strong>, pas avant <strong>10h45<\/strong>.<\/p>\n<p>C\u00f4t\u00e9 dames, le sc\u00e9nario est similaire, avec parfois de <strong>grandes diff\u00e9rences de niveau entre les paires<\/strong>. En ouverture de journ\u00e9e, nous retrouverons \u00e0 <strong>9h30 en direct<\/strong> le duel <strong>Lienard \/ Verdier vs Detrivi\u00e8re \/ Lalanne<\/strong>.<\/p>\n<\/p>\n<p>Tous les matchs seront retransmis <strong>en direct sur Padel Mag TV<\/strong>, avec les commentaires de <strong>T\u00e9o Vieau<\/strong>.<\/p>\n<p><img loading=\"lazy\" decoding=\"async\" data-del=\"avatar\" alt=\"Franck Binisti\" src=\"https:\/\/www.europesays.com\/fr\/wp-content\/uploads\/2025\/04\/Franck-Binisti-Padel-100x100.jpg\" class=\"avatar pp-user-avatar avatar-100 photo \" height=\"100\" width=\"100\"\/><\/p>\n<p>Franck Binisti d\u00e9couvre le padel au Club des Pyramides en 2009 en r\u00e9gion parisienne. Depuis, le padel fait partie de sa vie. Vous le voyez souvent faire le tour de France en allant couvrir les grands \u00e9v\u00e9nements de padel fran\u00e7ais.<\/p>\n<p class=\"related-title\">Sur le m\u00eame sujet<\/p>\n","protected":false},"excerpt":{"rendered":"Les Championnats de France de padel +45 ans se poursuivent ce dimanche \u00e0 Casa Padel Uno avec les&hellip;\n","protected":false},"author":2,"featured_media":177034,"comment_status":"","ping_status":"","sticky":false,"template":"","format":"standard","meta":{"footnotes":""},"categories":[4],"tags":[11,31304,31305,1011,27,12,25],"class_list":{"0":"post-177033","1":"post","2":"type-post","3":"status-publish","4":"format-standard","5":"has-post-thumbnail","7":"category-france","8":"tag-actualites","9":"tag-casa-padel-uno","10":"tag-championnats-de-france-de-padel-2025","11":"tag-fr","12":"tag-france","13":"tag-news","14":"tag-republique-francaise"},"share_on_mastodon":{"url":"https:\/\/pubeurope.com\/@fr\/114684317173245072","error":""},"_links":{"self":[{"href":"https:\/\/www.europesays.com\/fr\/wp-json\/wp\/v2\/posts\/177033","targetHints":{"allow":["GET"]}}],"collection":[{"href":"https:\/\/www.europesays.com\/fr\/wp-json\/wp\/v2\/posts"}],"about":[{"href":"https:\/\/www.europesays.com\/fr\/wp-json\/wp\/v2\/types\/post"}],"author":[{"embeddable":true,"href":"https:\/\/www.europesays.com\/fr\/wp-json\/wp\/v2\/users\/2"}],"replies":[{"embeddable":true,"href":"https:\/\/www.europesays.com\/fr\/wp-json\/wp\/v2\/comments?post=177033"}],"version-history":[{"count":0,"href":"https:\/\/www.europesays.com\/fr\/wp-json\/wp\/v2\/posts\/177033\/revisions"}],"wp:featuredmedia":[{"embeddable":true,"href":"https:\/\/www.europesays.com\/fr\/wp-json\/wp\/v2\/media\/177034"}],"wp:attachment":[{"href":"https:\/\/www.europesays.com\/fr\/wp-json\/wp\/v2\/media?parent=177033"}],"wp:term":[{"taxonomy":"category","embeddable":true,"href":"https:\/\/www.europesays.com\/fr\/wp-json\/wp\/v2\/categories?post=177033"},{"taxonomy":"post_tag","embeddable":true,"href":"https:\/\/www.europesays.com\/fr\/wp-json\/wp\/v2\/tags?post=177033"}],"curies":[{"name":"wp","href":"https:\/\/api.w.org\/{rel}","templated":true}]}}