{"id":177055,"date":"2025-06-14T23:42:10","date_gmt":"2025-06-14T23:42:10","guid":{"rendered":"https:\/\/www.europesays.com\/fr\/177055\/"},"modified":"2025-06-14T23:42:10","modified_gmt":"2025-06-14T23:42:10","slug":"julien-clerc-je-partirai-avant-le-chanteur-fait-de-rares-confidences-sur-son-histoire-avec-une-femme-bien-plus-jeune-que-lui","status":"publish","type":"post","link":"https:\/\/www.europesays.com\/fr\/177055\/","title":{"rendered":"Julien Clerc : \u00ab\u00a0Je partirai avant\u2026\u00a0\u00bb, le chanteur fait de rares confidences sur son histoire avec une femme bien plus jeune que lui"},"content":{"rendered":"<p>L&rsquo;interpr\u00e8te de \u00ab\u00a0M\u00e9lissa\u00a0\u00bb s&rsquo;est confi\u00e9 au magazine Cin\u00e9 t\u00e9l\u00e9<br \/>\nrevue sur sa vie priv\u00e9e. Il \u00e9voque notamment sa relation avec son<br \/>\n\u00e9pouse, la romanci\u00e8re H\u00e9l\u00e8ne Gr\u00e9millon, et aborde sans d\u00e9tour la<br \/>\nquestion de leur \u00e9cart d&rsquo;\u00e2ge cons\u00e9quent.<\/p>\n<p>Une rencontre inattendue qui a chang\u00e9 sa vie<\/p>\n<p>L&rsquo;histoire d&rsquo;amour entre <a href=\"https:\/\/www.closermag.fr\/tv_tele_realite\/julien-clerc-florent-pagny-jaloux-de-son-physique-et-meme-laurent-delahousse-sy-met-3553052\" target=\"_blank\" rel=\"noopener\"><br \/>\nJulien Clerc<\/a> et H\u00e9l\u00e8ne Gr\u00e9millon d\u00e9bute en 2004 dans un<br \/>\ncontexte professionnel. La future \u00e9crivaine travaillait alors comme<br \/>\nstagiaire dans l&rsquo;\u00e9mission Rive droite\/Rive gauche anim\u00e9e par<br \/>\nThierry Ardisson. C&rsquo;est dans les coulisses de ce plateau t\u00e9l\u00e9vis\u00e9<br \/>\nque leurs regards se sont crois\u00e9s pour la premi\u00e8re fois.<\/p>\n<p>Dipl\u00f4m\u00e9e en lettres et en histoire, <a href=\"https:\/\/www.closermag.fr\/people\/je-crois-beaucoup-a-la-difference-d-age-julien-clerc-parle-sans-tabou-de-sa-femme-helenegremillon-1461752#item=1\" target=\"_blank\" rel=\"noopener\"><br \/>\nH\u00e9l\u00e8ne Gr\u00e9millon<\/a> s&rsquo;est par la suite illustr\u00e9e dans le monde<br \/>\nlitt\u00e9raire. Son premier roman, Le confident, a rencontr\u00e9 un succ\u00e8s<br \/>\ninternational remarquable, \u00e9tant traduit dans une vingtaine de<br \/>\nlangues. Cette r\u00e9ussite professionnelle t\u00e9moigne de son talent et<br \/>\nde sa d\u00e9termination. Le couple a officialis\u00e9 leur union en 2012<br \/>\nlors d&rsquo;une c\u00e9r\u00e9monie intime c\u00e9l\u00e9br\u00e9e dans le 16\u00e8me arrondissement<br \/>\nparisien. Auparavant, ils avaient accueilli leur fils L\u00e9onard en<br \/>\n2008, fruit de cet amour qui d\u00e9fie les conventions sociales.<\/p>\n<p>Les mots bouleversants du chanteur sur leur avenir<\/p>\n<p>Dans cet entretien r\u00e9cent, Julien Clerc aborde frontalement la<br \/>\nr\u00e9alit\u00e9 de leur diff\u00e9rence d&rsquo;\u00e2ge. Cette th\u00e9matique trouve<br \/>\nd&rsquo;ailleurs un \u00e9cho dans L&rsquo;Avenir, titre phare de son dernier album<br \/>\nparu en mai 2025. \u00ab\u00a0Si la vie suit son cours logique, je<br \/>\npartirai avant elle\u00a0\u00bb, confie-t-il avec une \u00e9motion palpable.<br \/>\nL&rsquo;artiste reconna\u00eet que cette pens\u00e9e l&rsquo;habite constamment.<\/p>\n<p>Il pr\u00e9cise \u00e9galement que son \u00e9pouse partage ces pr\u00e9occupations,<br \/>\nm\u00eame si le sujet n&rsquo;est pas toujours \u00e9voqu\u00e9 ouvertement entre eux.<br \/>\n\u00ab\u00a0J&rsquo;y pense tout le temps. Elle aussi y pense. M\u00eame si on n&rsquo;en<br \/>\nparle pas toujours. C&rsquo;est un choix qu&rsquo;elle a fait en toute<br \/>\nconnaissance de cause lorsqu&rsquo;elle m&rsquo;a \u00e9pous\u00e9\u00a0\u00bb, souligne-t-il.<br \/>\nCette lucidit\u00e9 t\u00e9moigne de la maturit\u00e9 avec laquelle le couple<br \/>\nappr\u00e9hende leur situation particuli\u00e8re.<\/p>\n<p>Entre projets artistiques et<br \/>\nappr\u00e9hensions li\u00e9es au temps<\/p>\n<p>Malgr\u00e9 ses 77 ans, Julien Clerc continue de nourrir des<br \/>\nambitions artistiques. Il a ainsi annonc\u00e9 une tourn\u00e9e pr\u00e9vue pour<br \/>\n2027, co\u00efncidant avec la c\u00e9l\u00e9bration de ses 80 ans. Cette<br \/>\nperspective lui permet d&rsquo;envisager l&rsquo;avenir avec optimisme tout en<br \/>\nrestant connect\u00e9 \u00e0 son public fid\u00e8le.<\/p>\n<p>N\u00e9anmoins, <a href=\"https:\/\/www.closermag.fr\/people\/julien-clerc-quand-sa-femme-helene-est-tombee-enceinte-le-chanteur-a-eu-peur-872902#item=1\" target=\"_blank\" rel=\"noopener\"><br \/>\nl&rsquo;artiste<\/a> ne cache pas ses inqui\u00e9tudes face au vieillissement.<br \/>\n\u00ab\u00a0Mal vieillir, oui, \u00e7a m&rsquo;a toujours fait peur\u00a0\u00bb, avoue-t-il sans<br \/>\nfard. Il trouve dans son m\u00e9tier une source de r\u00e9confort et<br \/>\nd&rsquo;\u00e9panouissement. Effectivement, cette activit\u00e9 lui permet de<br \/>\n\u00ab\u00a0rester actif, de mieux voir passer le temps\u00a0\u00bb. Cette<br \/>\nphilosophie de vie illustre sa volont\u00e9 de rester ma\u00eetre de son<br \/>\ndestin, m\u00eame face aux al\u00e9as de l&rsquo;\u00e2ge. \u00ab\u00a0Quand l&rsquo;un s&rsquo;en va, tout<br \/>\npeut s&rsquo;\u00e9crouler\u00a0\u00bb, confie-t-il, r\u00e9v\u00e9lant toute la profondeur de son<br \/>\nattachement \u00e0 H\u00e9l\u00e8ne Gr\u00e9millon.<\/p>\n","protected":false},"excerpt":{"rendered":"L&rsquo;interpr\u00e8te de \u00ab\u00a0M\u00e9lissa\u00a0\u00bb s&rsquo;est confi\u00e9 au magazine Cin\u00e9 t\u00e9l\u00e9 revue sur sa vie priv\u00e9e. Il \u00e9voque notamment sa&hellip;\n","protected":false},"author":2,"featured_media":177056,"comment_status":"","ping_status":"","sticky":false,"template":"","format":"standard","meta":{"footnotes":""},"categories":[1355],"tags":[548,58,59,1011,27,1735,1361,873],"class_list":{"0":"post-177055","1":"post","2":"type-post","3":"status-publish","4":"format-standard","5":"has-post-thumbnail","7":"category-musique","8":"tag-article-simple","9":"tag-divertissement","10":"tag-entertainment","11":"tag-fr","12":"tag-france","13":"tag-julien-clerc","14":"tag-music","15":"tag-musique"},"share_on_mastodon":{"url":"https:\/\/pubeurope.com\/@fr\/114684372314106010","error":""},"_links":{"self":[{"href":"https:\/\/www.europesays.com\/fr\/wp-json\/wp\/v2\/posts\/177055","targetHints":{"allow":["GET"]}}],"collection":[{"href":"https:\/\/www.europesays.com\/fr\/wp-json\/wp\/v2\/posts"}],"about":[{"href":"https:\/\/www.europesays.com\/fr\/wp-json\/wp\/v2\/types\/post"}],"author":[{"embeddable":true,"href":"https:\/\/www.europesays.com\/fr\/wp-json\/wp\/v2\/users\/2"}],"replies":[{"embeddable":true,"href":"https:\/\/www.europesays.com\/fr\/wp-json\/wp\/v2\/comments?post=177055"}],"version-history":[{"count":0,"href":"https:\/\/www.europesays.com\/fr\/wp-json\/wp\/v2\/posts\/177055\/revisions"}],"wp:featuredmedia":[{"embeddable":true,"href":"https:\/\/www.europesays.com\/fr\/wp-json\/wp\/v2\/media\/177056"}],"wp:attachment":[{"href":"https:\/\/www.europesays.com\/fr\/wp-json\/wp\/v2\/media?parent=177055"}],"wp:term":[{"taxonomy":"category","embeddable":true,"href":"https:\/\/www.europesays.com\/fr\/wp-json\/wp\/v2\/categories?post=177055"},{"taxonomy":"post_tag","embeddable":true,"href":"https:\/\/www.europesays.com\/fr\/wp-json\/wp\/v2\/tags?post=177055"}],"curies":[{"name":"wp","href":"https:\/\/api.w.org\/{rel}","templated":true}]}}