{"id":177066,"date":"2025-06-14T23:48:10","date_gmt":"2025-06-14T23:48:10","guid":{"rendered":"https:\/\/www.europesays.com\/fr\/177066\/"},"modified":"2025-06-14T23:48:10","modified_gmt":"2025-06-14T23:48:10","slug":"un-millier-de-manifestants-mobilises-contre-un-projet-dusine-de-biocarburants","status":"publish","type":"post","link":"https:\/\/www.europesays.com\/fr\/177066\/","title":{"rendered":"Un millier de manifestants mobilis\u00e9s contre un projet d\u2019usine de biocarburants"},"content":{"rendered":"<p>Un millier de personnes ont manifest\u00e9 ce samedi \u00e0 <a href=\"https:\/\/www.20minutes.fr\/societe\/pau\/\" class=\"color-ultramarine c-link\" target=\"_blank\" rel=\"noopener\">Pau<\/a> contre un <a href=\"https:\/\/www.20minutes.fr\/dossier\/industrie\" class=\"color-ultramarine c-link\" target=\"_blank\" rel=\"noopener\">projet industriel<\/a> cens\u00e9 s\u2019implanter dans le bassin de Lacq pour produire des biocarburants pour <a href=\"https:\/\/www.20minutes.fr\/dossier\/aviation\" class=\"color-ultramarine c-link\" target=\"_blank\" rel=\"noopener\">l\u2019aviation<\/a> et le <a href=\"https:\/\/www.20minutes.fr\/dossier\/transport_maritime\" class=\"color-ultramarine c-link\" target=\"_blank\" rel=\"noopener\">transport maritime<\/a>.<\/p>\n<p>La plateforme E-CHO, port\u00e9e par la PME lyonnaise Elyse Energy, doit s\u2019installer sur deux friches industrielles, \u00e0 25 kilom\u00e8tres \u00e0 l\u2019ouest de Pau, pour produire 200.000 tonnes de <a href=\"https:\/\/www.20minutes.fr\/dossier\/carburant\" class=\"color-ultramarine c-link\" target=\"_blank\" rel=\"noopener\">carburant<\/a> bas carbone par an d\u2019ici la fin de la d\u00e9cennie.<\/p>\n<p>Un fonctionnement au bois<\/p>\n<p>Les deux sites produiront essentiellement des biocarburants pour l\u2019aviation (SAF) et du e-m\u00e9thanol destin\u00e9 au transport maritime et \u00e0 la chimie, ainsi que, dans une moindre mesure, du naphta, m\u00e9lange d\u2019hydrocarbures utilis\u00e9 pour le bio\u00e9thanol (ou E-85).<\/p>\n<\/p>\n<p>Dans le processus de production, 30\u00a0% de l\u2019apport \u00e9nergie doit provenir de d\u00e9chets bois (rebuts de scieries, meubles jet\u00e9s, vignes arrach\u00e9es, r\u00e9sidus de haies) mais aussi de bois \u00e9nergie, c\u2019est-\u00e0-dire de coupes. Au total, l\u2019usine devrait utiliser 100.000 tonnes de biomasse foresti\u00e8re (aussi appel\u00e9 bois \u00e9nergie) par an, selon Elyse Energy.<\/p>\n<p>Pour Bruno Doucet, repr\u00e9sentant de l\u2019association de d\u00e9fense des for\u00eats Canop\u00e9e, \u00ab\u00a0il n\u2019y a pas assez de bois disponible, \u00e7a ne marchera pas\u00a0\u00bb.<\/p>\n<p>Les manifestants pointent des \u00ab\u00a0mirages technologiques\u00a0\u00bb<\/p>\n<p>\u00ab\u00a0Depuis\u00a02015, la for\u00eat capte deux fois moins de carbone qu\u2019avant et, l\u00e0-dessus, on veut pr\u00e9lever du bois pour faire du carburant\u00a0\u00bb, ajoute ce manifestant pour qui le porteur du projet et l\u2019\u00c9tat, qui le soutient, \u00ab\u00a0sont compl\u00e8tement \u00e0 c\u00f4t\u00e9 de la plaque\u00a0\u00bb.<\/p>\n<p>\u00ab\u00a0La biomasse foresti\u00e8re, les gens normaux appellent \u00e7a des arbres\u00a0!\u00a0\u00bb, rench\u00e9rit Solal Bordenave, 35 ans, militant de For\u00eats Vivantes Pyr\u00e9n\u00e9es. Le jeune homme, pointant des \u00ab\u00a0mirages technologiques\u00a0\u00bb, critique \u00ab\u00a0les fous qui s\u2019obstinent dans de grands projets inutiles.\u00a0\u00bb<\/p>\n<p>D\u00e9filant dans les rues de Pau, des militants d\u2019associations environnementales locales ou nationales comme <a href=\"https:\/\/www.20minutes.fr\/dossier\/greenpeace\" class=\"color-ultramarine c-link\" target=\"_blank\" rel=\"noopener\">Greenpeace<\/a>, des syndicats (Conf\u00e9d\u00e9ration paysanne, CGT, Solidaires), mais aussi quelques \u00e9lus locaux ont dit leur refus de \u00ab\u00a0sacrifier la for\u00eat pour faire voler des avions\u00a0\u00bb.<\/p>\n<p>Un autre projet contest\u00e9<\/p>\n<p>\u00ab\u00a0Toutes les d\u00e9cisions n\u2019ont pas \u00e9t\u00e9 prises \u00e0 temps et donc aujourd\u2019hui on est dans une fuite en avant, \u00e0 coups de communication\u00a0\u00bb, fustige de son c\u00f4t\u00e9 le militant local Jacques Descargues, ancien secr\u00e9taire g\u00e9n\u00e9ral de l\u2019<a href=\"https:\/\/www.20minutes.fr\/faits_divers\/4115103-20241011-allier-office-national-forets-declenche-cellule-crise\" target=\"_blank\" class=\"color-ultramarine c-link\" rel=\"noopener\">Office national des for\u00eats<\/a> (ONF).<\/p>\n<p>Outre le projet E-CHO pr\u00e9vu dans le bassin de Lacq, les manifestants ont aussi d\u00e9nonc\u00e9 un projet de charbon v\u00e9g\u00e9tal attendu \u00e0 Garlin, \u00e0 50 kilom\u00e8tres au nord de Pau, d\u2019ici\u00a02026.<\/p>\n","protected":false},"excerpt":{"rendered":"Un millier de personnes ont manifest\u00e9 ce samedi \u00e0 Pau contre un projet industriel cens\u00e9 s\u2019implanter dans le&hellip;\n","protected":false},"author":2,"featured_media":177067,"comment_status":"","ping_status":"","sticky":false,"template":"","format":"standard","meta":{"footnotes":""},"categories":[6],"tags":[47,3177,4154,35,33,34,893,1011,27,22050,2722,693,2721,2219,2680,6374,6375,1306,104,2312],"class_list":{"0":"post-177066","1":"post","2":"type-post","3":"status-publish","4":"format-standard","5":"has-post-thumbnail","7":"category-economie","8":"tag-actualite","9":"tag-aquitaine","10":"tag-bois","11":"tag-business","12":"tag-economie","13":"tag-economy","14":"tag-energie","15":"tag-fr","16":"tag-france","17":"tag-greenpeace","18":"tag-haute-garonne","19":"tag-industrie","20":"tag-midi-pyrenees","21":"tag-nouvelle-aquitaine","22":"tag-occitanie","23":"tag-pau","24":"tag-pyrenees-atlantiques","25":"tag-regions","26":"tag-societe","27":"tag-toulouse"},"share_on_mastodon":{"url":"","error":""},"_links":{"self":[{"href":"https:\/\/www.europesays.com\/fr\/wp-json\/wp\/v2\/posts\/177066","targetHints":{"allow":["GET"]}}],"collection":[{"href":"https:\/\/www.europesays.com\/fr\/wp-json\/wp\/v2\/posts"}],"about":[{"href":"https:\/\/www.europesays.com\/fr\/wp-json\/wp\/v2\/types\/post"}],"author":[{"embeddable":true,"href":"https:\/\/www.europesays.com\/fr\/wp-json\/wp\/v2\/users\/2"}],"replies":[{"embeddable":true,"href":"https:\/\/www.europesays.com\/fr\/wp-json\/wp\/v2\/comments?post=177066"}],"version-history":[{"count":0,"href":"https:\/\/www.europesays.com\/fr\/wp-json\/wp\/v2\/posts\/177066\/revisions"}],"wp:featuredmedia":[{"embeddable":true,"href":"https:\/\/www.europesays.com\/fr\/wp-json\/wp\/v2\/media\/177067"}],"wp:attachment":[{"href":"https:\/\/www.europesays.com\/fr\/wp-json\/wp\/v2\/media?parent=177066"}],"wp:term":[{"taxonomy":"category","embeddable":true,"href":"https:\/\/www.europesays.com\/fr\/wp-json\/wp\/v2\/categories?post=177066"},{"taxonomy":"post_tag","embeddable":true,"href":"https:\/\/www.europesays.com\/fr\/wp-json\/wp\/v2\/tags?post=177066"}],"curies":[{"name":"wp","href":"https:\/\/api.w.org\/{rel}","templated":true}]}}