{"id":177071,"date":"2025-06-14T23:51:12","date_gmt":"2025-06-14T23:51:12","guid":{"rendered":"https:\/\/www.europesays.com\/fr\/177071\/"},"modified":"2025-06-14T23:51:12","modified_gmt":"2025-06-14T23:51:12","slug":"photos-de-nombreuses-stars-sur-le-village-des-24-heures-du-mans-pour-cette-93e-edition","status":"publish","type":"post","link":"https:\/\/www.europesays.com\/fr\/177071\/","title":{"rendered":"PHOTOS. De nombreuses stars sur le village des 24 Heures du Mans pour cette 93e \u00e9dition"},"content":{"rendered":"<p>            Par<br \/>\n        <strong><br \/>\n            <a href=\"https:\/\/actu.fr\/auteur\/julie-hurisse\" title=\"Consulter tous les articles de Julie Hurisse\" target=\"_blank\" rel=\"noopener\">Julie Hurisse<\/a><br \/>\n        <\/strong><\/p>\n<p>        Publi\u00e9 le<\/p>\n<p>            14 juin 2025 \u00e0 19h20        <\/p>\n<p>Pour cette 93e \u00e9dition des <a href=\"https:\/\/actu.fr\/tag\/24-heures-du-mans\" target=\"_blank\" rel=\"noopener\"><b>24\u00a0Heures du\u00a0Mans<\/b><\/a>, ce <b>samedi 14\u00a0juin 2025<\/b>, la premi\u00e8re des stars \u00e9tait le starter, le champion de tennis, Roger Federer. <b>D\u2019autres stars<\/b> ont \u00e9t\u00e9 aper\u00e7ues au d\u00e9part et dans les all\u00e9es du village.<\/p>\n<p>    <img   decoding=\"async\" loading=\"lazy\" class=\"size-large\" src=\"https:\/\/www.europesays.com\/fr\/wp-content\/uploads\/2025\/06\/a54f8dacad486f94f8dacad481e4f8v-960x640.jpg\" alt=\"Mich\u00e8le Laroque et Nathalie P\u00e9chalat 24 Heures du Mans\" width=\"960\" height=\"640\"\/><br \/>\n    Mich\u00e8le Laroque et Nathalie P\u00e9chalat\u00a0au moment du d\u00e9part. \u00a9Matt\u00e9o Lebreton\/Actu Le MansActeurs, sportifs et influenceurs sur les 24\u00a0heures du\u00a0Mans<\/p>\n<p class=\" wall-content\">L\u2019acteur et r\u00e9alisateur, <b>Mathieu Kassovitz<\/b>, fan de course automobile a assist\u00e9 au d\u00e9part aux c\u00f4t\u00e9s de l\u2019actrice <b>Mich\u00e8le Laroque<\/b>, <b>Nathalie P\u00e9chalat<\/b>, danseuse sur glace et la championne de judo <b>Clarisse Agb\u00e9gnenou<\/b>.<\/p>\n<p>    <img   decoding=\"async\" loading=\"lazy\" class=\"size-large\" src=\"https:\/\/www.europesays.com\/fr\/wp-content\/uploads\/2025\/06\/c01fe6f4ad486d41fe6f4ad48c81fev-960x640.jpg\" alt=\"GMK 24 Heures du Mans\" width=\"960\" height=\"640\"\/><br \/>\n    L\u2019influenceur GMK est collectionneur de voitures. \u00a9Matt\u00e9o Lebreton\/Actu Le Mans<\/p>\n<p class=\" wall-content\">Ont \u00e9t\u00e9 aper\u00e7us \u00e9galement l\u2019influenceur et collectionneur de voitures <b>GMK<\/b>, l\u2019influenceur et humoriste <b>Esteban Vial<\/b>.<\/p>\n<p>Vid\u00e9os : en ce moment sur Actu<br \/>\n    <img   decoding=\"async\" loading=\"lazy\" class=\"size-large\" src=\"https:\/\/www.europesays.com\/fr\/wp-content\/uploads\/2025\/06\/10d31545ad48674d31545ad48c8d31v-960x640.jpg\" alt=\"Luc Alphand 24 Heures du Mans\" width=\"960\" height=\"640\"\/><br \/>\n    Luc Alphand a particip\u00e9 \u00e0 neuf \u00e9ditions des 24\u00a0Heures du\u00a0Mans. \u00a9Matt\u00e9o Lebreton\/Actu Le Mans<\/p>\n<p class=\" wall-content\">Pr\u00e9sent \u00e9galement le champion de ski et pilote <b>Luc Alphand<\/b> qui affiche neuf participations aux 24\u00a0Heures du\u00a0Mans.<\/p>\n<p>    <img   decoding=\"async\" loading=\"lazy\" class=\"size-large\" src=\"https:\/\/www.europesays.com\/fr\/wp-content\/uploads\/2025\/06\/6e016bd5ad48662116bd5ad4836116v-960x640.jpg\" alt=\"Esteban Vial, un humoriste influenceur\" width=\"960\" height=\"640\"\/><br \/>\n    Esteban Vial, l\u2019humoriste influenceur \u00a9Matt\u00e9o Lebreton\/Actu Le Mans<\/p>\n<p class=\" wall-content\">Suivez toute l\u2019actualit\u00e9 de vos villes et m\u00e9dias favoris en vous inscrivant \u00e0 <a href=\"https:\/\/moncompte.actu.fr\" title=\"D\u00e9couvez Mon Actu\" rel=\"nofollow noopener\" data-trk=\"{&quot;cta&quot;:{&quot;action&quot;:&quot;https:\\\/\\\/moncompte.actu.fr&quot;,&quot;category&quot;:&quot;mon compte&quot;,&quot;from&quot;:&quot;article footer&quot;,&quot;name&quot;:&quot;Mon actu&quot;,&quot;type&quot;:&quot;cta&quot;}}\" target=\"_blank\">Mon Actu<\/a>.<\/p>\n","protected":false},"excerpt":{"rendered":"Par Julie Hurisse Publi\u00e9 le 14 juin 2025 \u00e0 19h20 Pour cette 93e \u00e9dition des 24\u00a0Heures du\u00a0Mans, ce&hellip;\n","protected":false},"author":2,"featured_media":177072,"comment_status":"","ping_status":"","sticky":false,"template":"","format":"standard","meta":{"footnotes":""},"categories":[2],"tags":[10312,11,1011,27,12,104],"class_list":{"0":"post-177071","1":"post","2":"type-post","3":"status-publish","4":"format-standard","5":"has-post-thumbnail","7":"category-actualites","8":"tag-24-heures-du-mans","9":"tag-actualites","10":"tag-fr","11":"tag-france","12":"tag-news","13":"tag-societe"},"share_on_mastodon":{"url":"https:\/\/pubeurope.com\/@fr\/114684407654642503","error":""},"_links":{"self":[{"href":"https:\/\/www.europesays.com\/fr\/wp-json\/wp\/v2\/posts\/177071","targetHints":{"allow":["GET"]}}],"collection":[{"href":"https:\/\/www.europesays.com\/fr\/wp-json\/wp\/v2\/posts"}],"about":[{"href":"https:\/\/www.europesays.com\/fr\/wp-json\/wp\/v2\/types\/post"}],"author":[{"embeddable":true,"href":"https:\/\/www.europesays.com\/fr\/wp-json\/wp\/v2\/users\/2"}],"replies":[{"embeddable":true,"href":"https:\/\/www.europesays.com\/fr\/wp-json\/wp\/v2\/comments?post=177071"}],"version-history":[{"count":0,"href":"https:\/\/www.europesays.com\/fr\/wp-json\/wp\/v2\/posts\/177071\/revisions"}],"wp:featuredmedia":[{"embeddable":true,"href":"https:\/\/www.europesays.com\/fr\/wp-json\/wp\/v2\/media\/177072"}],"wp:attachment":[{"href":"https:\/\/www.europesays.com\/fr\/wp-json\/wp\/v2\/media?parent=177071"}],"wp:term":[{"taxonomy":"category","embeddable":true,"href":"https:\/\/www.europesays.com\/fr\/wp-json\/wp\/v2\/categories?post=177071"},{"taxonomy":"post_tag","embeddable":true,"href":"https:\/\/www.europesays.com\/fr\/wp-json\/wp\/v2\/tags?post=177071"}],"curies":[{"name":"wp","href":"https:\/\/api.w.org\/{rel}","templated":true}]}}