{"id":177079,"date":"2025-06-14T23:55:17","date_gmt":"2025-06-14T23:55:17","guid":{"rendered":"https:\/\/www.europesays.com\/fr\/177079\/"},"modified":"2025-06-14T23:55:17","modified_gmt":"2025-06-14T23:55:17","slug":"on-est-tous-socialistes-dans-les-tripes","status":"publish","type":"post","link":"https:\/\/www.europesays.com\/fr\/177079\/","title":{"rendered":"\u00ab On est tous socialistes dans les tripes \u00bb"},"content":{"rendered":"<p>Entre deux caf\u00e9s ou une bi\u00e8re, les militants du PS refont le match au 81e congr\u00e8s du Parti socialiste, \u00e0 Nancy. <a href=\"https:\/\/www.publicsenat.fr\/actualites\/politique\/nouveau-psychodrame-au-ps-le-camp-dolivier-faure-revendique-la-victoire-celui-de-nicolas-mayer-rossignol-se-dit-au-coude-a-coude\" rel=\"nofollow noopener\" target=\"_blank\" data-ylk=\"slk:La victoire d\u2019Olivier Faure, une semaine plus t\u00f4t;elm:context_link;itc:0;sec:content-canvas\" class=\"link \">La victoire d\u2019Olivier Faure, une semaine plus t\u00f4t<\/a>, face \u00e0 Nicolas Mayer-Rossignol, n\u2019a pas tout \u00e0 fait clos la discussion au PS, qui a fait du d\u00e9bat interne un art de vivre.<\/p>\n<p>Pendant que les repr\u00e9sentants des courants continuent \u00e0 discuter, ce samedi, encha\u00eenant apart\u00e9s et r\u00e9unions entre textes d\u2019orientation, pour tenter de trouver un texte commun o\u00f9 tout le monde se retrouve, les militants crois\u00e9s sont loin de cet \u00e9tat d\u2019esprit. Ni coup de pression ou anath\u00e8me, mais plut\u00f4t une envie d\u2019unit\u00e9 pour un parti qui reste divis\u00e9 et que les amis de Nicolas Mayer-Rossignol voient affaibli.<\/p>\n<p>\u00ab\u00a0Il y a des diff\u00e9rences, mais pas plus qu\u2019avant\u00a0\u00bb<\/p>\n<p>Marcello Della Franca, maire de Montigny-en-Gohelle, dans le Pas-de-Calais, minimise cette propension qu\u2019ont ses camarades \u00e0 se chamailler. \u00ab\u00a0Le PS a toujours \u00e9t\u00e9 divis\u00e9, quelque part. Un congr\u00e8s, c\u2019est un moment propice \u00e0 \u00e7a. Mais il y a beaucoup plus de choses qui nous rassemblent que de choses qui nous divisent. Il y a des diff\u00e9rences, mais pas plus qu\u2019avant\u00a0\u00bb, temp\u00e8re ce soutien d\u2019Olivier Faure, qui appr\u00e9cie \u00ab\u00a0un congr\u00e8s plus serein que celui de Marseille\u00a0\u00bb, o\u00f9 le PS s\u2019est d\u00e9chir\u00e9.<\/p>\n<p>\u00ab\u00a0Le parti n\u2019est pas du tout divis\u00e9. Les congr\u00e8s sont des temps d\u2019expression mais une fois le premier secr\u00e9taire trouv\u00e9, on est tous socialistes\u00a0\u00bb, ajoute de son c\u00f4t\u00e9 Jacqueline du font de la salle du Palais des congr\u00e8s, o\u00f9 se r\u00e9unissent les socialistes. Cette pro Faure ajoute\u00a0: \u00ab\u00a0Sur le fond, on est tous socialistes dans les tripes\u00a0\u00bb.<\/p>\n<p>\u00ab\u00a0C\u2019est comme dans toutes les familles, on s\u2019engueule un peu\u00a0\u00bb<\/p>\n<p>Julien a lui soutenu le \u00ab\u00a0TOC\u00a0\u00bb, le courant de Nicolas Mayer-Rossignol. Militant du Loiret, il est loin des bisbilles. \u00ab\u00a0Dans notre d\u00e9partement, c\u2019est une f\u00e9d\u00e9ration tr\u00e8s unitaire\u00a0\u00bb, explique celui qui a pris sa carte lors de la campagne victorieuse de Fran\u00e7ois Hollande, en 2012. \u00ab\u00a0En interne, il y a vraiment une envie d\u2019unit\u00e9\u00a0\u00bb, confirme \u00e0 ses c\u00f4t\u00e9s Dalip, un sujet \u00ab\u00a0port\u00e9 par l\u2019ensemble des TO\u00a0\u00bb. \u00ab\u00a0Il y a la question de LFI qui fait d\u00e9bat, mais cela a \u00e9t\u00e9 clair durant le congr\u00e8s et tous les socialistes disent qu\u2019il n\u2019y a pas d\u2019alliance pour la pr\u00e9sidentielle et les l\u00e9gislatives\u00a0\u00bb, ajoute Julien.<\/p>\n<p>Marc ressent la m\u00eame chose dans les Yvelines, avec les municipales en t\u00eate, dans sa ville de Conflans-Sainte-Honorine. \u00ab\u00a0Le parti n\u2019est pas forc\u00e9ment divis\u00e9. Nous, militants, on sent que l\u2019objectif est de regagner la ville\u00a0\u00bb, dit cet homme de 65 ans, \u00ab\u00a0membre du PS depuis 40 ans\u00a0\u00bb. D\u2019un ton volubile, il continue\u00a0: \u00ab\u00a0C\u2019est comme dans toutes les familles, on s\u2019engueule un peu, on se met un coup de coude. Mais lundi matin, on se retrouvera. La r\u00e9cr\u00e9ation est termin\u00e9e et on se remet au travail dans l\u2019unit\u00e9\u00a0\u00bb, lance Marc. Il invite les responsables socialistes \u00e0 sortir un peu de leur tambouille\u00a0:<\/p>\n<blockquote class=\"caas-blockquote\">\n<p>Si je parle \u00e0 ma boulang\u00e8re de TOA et de TOB, elle me dira que j\u2019ai pris trop de soleil \u00e0 Nancy !<\/p>\n<\/blockquote>\n<p>M\u00eame discours d\u2019unit\u00e9, l\u00e0 encore, quand on croise Nicolas, des Vosges. Lui non plus assure que son parti n\u2019est pas affaibli. Il souligne que le nombre de votants progresse un peu, depuis Marseille. \u00ab\u00a0S\u2019est en train de se redresser doucement\u00a0\u00bb, pense-t-il. Et de souligner que \u00ab\u00a0les r\u00e9sultats ont \u00e9t\u00e9 reconnus \u00e0 l\u2019unanimit\u00e9\u00a0\u00bb.<\/p>\n<p>L\u2019unit\u00e9 qu\u2019appellent de leur v\u0153ux les militants n\u2019est pourtant pas assur\u00e9e. Samedi midi, l\u2019hypoth\u00e8se d\u2019une absence d\u2019accord qui permettrait de rassembler tout le monde dans la direction prenait du galon, avec \u00e0 la clef une majorit\u00e9 et une minorit\u00e9, qui pourra faire entendre sa voix. Au PS, on aime l\u2019unit\u00e9\u2026 mais pas trop.<\/p>\n","protected":false},"excerpt":{"rendered":"Entre deux caf\u00e9s ou une bi\u00e8re, les militants du PS refont le match au 81e congr\u00e8s du Parti&hellip;\n","protected":false},"author":2,"featured_media":177080,"comment_status":"","ping_status":"","sticky":false,"template":"","format":"standard","meta":{"footnotes":""},"categories":[9635],"tags":[1111,11,1777,674,1011,27,775,14027,1702,12,13268,429,25,21710],"class_list":{"0":"post-177079","1":"post","2":"type-post","3":"status-publish","4":"format-standard","5":"has-post-thumbnail","7":"category-nancy","8":"tag-actu","9":"tag-actualites","10":"tag-eu","11":"tag-europe","12":"tag-fr","13":"tag-france","14":"tag-grand-est","15":"tag-militants","16":"tag-nancy","17":"tag-news","18":"tag-nicolas-mayer-rossignol","19":"tag-ps","20":"tag-republique-francaise","21":"tag-socialistes"},"share_on_mastodon":{"url":"https:\/\/pubeurope.com\/@fr\/114684423268187374","error":""},"_links":{"self":[{"href":"https:\/\/www.europesays.com\/fr\/wp-json\/wp\/v2\/posts\/177079","targetHints":{"allow":["GET"]}}],"collection":[{"href":"https:\/\/www.europesays.com\/fr\/wp-json\/wp\/v2\/posts"}],"about":[{"href":"https:\/\/www.europesays.com\/fr\/wp-json\/wp\/v2\/types\/post"}],"author":[{"embeddable":true,"href":"https:\/\/www.europesays.com\/fr\/wp-json\/wp\/v2\/users\/2"}],"replies":[{"embeddable":true,"href":"https:\/\/www.europesays.com\/fr\/wp-json\/wp\/v2\/comments?post=177079"}],"version-history":[{"count":0,"href":"https:\/\/www.europesays.com\/fr\/wp-json\/wp\/v2\/posts\/177079\/revisions"}],"wp:featuredmedia":[{"embeddable":true,"href":"https:\/\/www.europesays.com\/fr\/wp-json\/wp\/v2\/media\/177080"}],"wp:attachment":[{"href":"https:\/\/www.europesays.com\/fr\/wp-json\/wp\/v2\/media?parent=177079"}],"wp:term":[{"taxonomy":"category","embeddable":true,"href":"https:\/\/www.europesays.com\/fr\/wp-json\/wp\/v2\/categories?post=177079"},{"taxonomy":"post_tag","embeddable":true,"href":"https:\/\/www.europesays.com\/fr\/wp-json\/wp\/v2\/tags?post=177079"}],"curies":[{"name":"wp","href":"https:\/\/api.w.org\/{rel}","templated":true}]}}