{"id":177085,"date":"2025-06-14T23:58:22","date_gmt":"2025-06-14T23:58:22","guid":{"rendered":"https:\/\/www.europesays.com\/fr\/177085\/"},"modified":"2025-06-14T23:58:22","modified_gmt":"2025-06-14T23:58:22","slug":"montpellier-se-positionne-comme-capitale-des-energies-renouvelables","status":"publish","type":"post","link":"https:\/\/www.europesays.com\/fr\/177085\/","title":{"rendered":"Montpellier se positionne comme capitale des \u00e9nergies renouvelables"},"content":{"rendered":"<p> Montpellier, future capitale des \u00e9nergies renouvelables gr\u00e2ce \u00e0 l&rsquo;incubateur Enera<\/p>\n<p>Lors de sa visite au pavillon Occitanie \u00e0 Vivatech, le maire de Montpellier a annonc\u00e9 l&rsquo;ambition de la ville de devenir la capitale des \u00e9nergies renouvelables. Ce projet s&rsquo;articule autour de l&rsquo;incubateur <strong>Enera<\/strong>, qui a pour mission d&rsquo;accompagner les entreprises innovantes dans le domaine des \u00e9nergies renouvelables.<\/p>\n<p>Montpellier se positionne comme un acteur cl\u00e9 dans le secteur des \u00e9nergies renouvelables, soutenue par un \u00e9cosyst\u00e8me dynamique. <strong>\u00ab\u00a0L&rsquo;\u00e9cosyst\u00e8me des renouvelables est extr\u00eamement important \u00e0 Montpellier\u00a0\u00bb<\/strong>, a d\u00e9clar\u00e9 le maire, mentionnant des entreprises influentes telles que <strong>EDF Renouvelables<\/strong>, <strong>Total Renouvelables<\/strong>, ainsi que des start-up comme \u00a0<a href=\"https:\/\/www.elements.green\/\" rel=\"noopener nofollow\" target=\"_blank\"><strong>Elements<\/strong><\/a>. Ces entreprises, en collaboration avec des acteurs priv\u00e9s reconnus, contribuent \u00e0 la cr\u00e9ation de l&rsquo;incubateur Enera, situ\u00e9 \u00e0 la halle de l&rsquo;innovation dans le quartier Cambac\u00e9r\u00e8s.<\/p>\n<p>Enera se distingue par son approche collaborative, int\u00e9grant des entreprises priv\u00e9es et la m\u00e9tropole pour soutenir les chercheurs et entrepreneurs. \u00ab\u00a0<strong>Nous avons vu une innovation tr\u00e8s prometteuse pour capter le CO2 et le transformer en m\u00e9taux\u00a0\u00bb<\/strong>, a soulign\u00e9 le maire, illustrant l&rsquo;impact potentiel de cet incubateur sur la transition \u00e9cologique.<\/p>\n<p>\u00a0<\/p>\n<p>Le r\u00f4le de la French Tech et des associations locales<\/p>\n<p>La French Tech joue un r\u00f4le crucial dans le soutien aux start-up montpelli\u00e9raines. Pr\u00e9sid\u00e9e par <strong>S\u00e9bastien Lacaze<\/strong>, un entrepreneur reconnu dans le domaine de la g\u00e9othermie, cette initiative permet de cr\u00e9er un r\u00e9seau d&rsquo;entrepreneurs. <strong>\u00ab\u00a0Les id\u00e9es ne naissent pas en silo. Elles naissent parce qu&rsquo;elles rencontrent d&rsquo;autres id\u00e9es\u00a0\u00bb<\/strong>, a affirm\u00e9 le maire, soulignant l&rsquo;importance de cette synergie pour l&rsquo;innovation.<\/p>\n<p>Outre la French Tech, plusieurs associations locales, telles que <a href=\"https:\/\/www.digital113.fr\/\" rel=\"noopener nofollow\" target=\"_blank\"><strong>Digital113<\/strong><\/a> et <a href=\"https:\/\/www.lamelee.com\/\" rel=\"noopener nofollow\" target=\"_blank\"><strong>La Melee<\/strong><\/a>, apportent une dynamique suppl\u00e9mentaire. Ces organisations facilitent les \u00e9changes entre entrepreneurs, favorisant un environnement propice \u00e0 l&rsquo;innovation. <strong>\u00ab\u00a0Il n&rsquo;y a pas d&rsquo;innovation s&rsquo;il n&rsquo;y a pas une forme de collectif, de coop\u00e9ration\u00a0\u00bb<\/strong>, a-t-il ajout\u00e9, insistant sur l&rsquo;importance du partage d&rsquo;informations et des mises en contact.<\/p>\n<p>Le maire a \u00e9galement mis en avant l&rsquo;objectif de rendre l&rsquo;innovation accessible \u00e0 tous. <strong>\u00ab\u00a0Il ne faut pas \u00eatre fils d&rsquo;eux pour entreprendre\u00a0\u00bb<\/strong>, a-t-il affirm\u00e9, soulignant la n\u00e9cessit\u00e9 d&rsquo;accompagner toutes les personnes d\u00e9sireuses de cr\u00e9er des entreprises, ind\u00e9pendamment de leur origine sociale.<\/p>\n<p>En ce qui concerne sa visite \u00e0 Vivatech, le maire a pr\u00e9cis\u00e9 qu&rsquo;il avait principalement rencontr\u00e9 des entreprises montpelli\u00e9raines \u00e9tablissant des relations avec le minist\u00e8re des Arm\u00e9es. <strong>\u00ab\u00a0J&rsquo;ai fait mon job de maire. Je suis all\u00e9 chercher des moyens, des r\u00e9seaux, des mises en contact\u00a0\u00bb,<\/strong> a-t-il d\u00e9clar\u00e9, mettant en avant son r\u00f4le de soutien \u00e0 l&rsquo;innovation locale.<\/p>\n<p>Montpellier s&rsquo;affirme ainsi comme un p\u00f4le d&rsquo;innovation dans le domaine des \u00e9nergies renouvelables, avec des projets ambitieux et un r\u00e9seau solide d&rsquo;entrepreneurs et d&rsquo;associations. Le d\u00e9veloppement de l&rsquo;incubateur Enera et l&rsquo;engagement des acteurs locaux laissent entrevoir un avenir prometteur pour la ville dans la transition \u00e9nerg\u00e9tique.<\/p>\n","protected":false},"excerpt":{"rendered":"Montpellier, future capitale des \u00e9nergies renouvelables gr\u00e2ce \u00e0 l&rsquo;incubateur Enera Lors de sa visite au pavillon Occitanie \u00e0&hellip;\n","protected":false},"author":2,"featured_media":177086,"comment_status":"","ping_status":"","sticky":false,"template":"","format":"standard","meta":{"footnotes":""},"categories":[9599],"tags":[31321,1111,11,31319,10463,31289,31320,31308,8744,2830,15271,31314,1777,674,1011,27,25858,31312,31317,31322,31306,5701,31313,31307,966,2208,12,2680,31318,14908,25,31316,31311,31315,31310,31309,16155,4426,23928],"class_list":{"0":"post-177085","1":"post","2":"type-post","3":"status-publish","4":"format-standard","5":"has-post-thumbnail","7":"category-montpellier","8":"tag-acteurs-prives","9":"tag-actu","10":"tag-actualites","11":"tag-capter-le-co2","12":"tag-cooperation","13":"tag-digital113","14":"tag-ecosysteme-dynamique","15":"tag-edf-renouvelables","16":"tag-elements","17":"tag-energies-renouvelables","18":"tag-entrepreneurs","19":"tag-entreprises-montpellieraines","20":"tag-eu","21":"tag-europe","22":"tag-fr","23":"tag-france","24":"tag-french-tech","25":"tag-geothermie","26":"tag-halle-de-linnovation","27":"tag-idees-innovantes","28":"tag-incubateur-enera","29":"tag-innovation","30":"tag-la-melee","31":"tag-maire-de-montpellier","32":"tag-metaux","33":"tag-montpellier","34":"tag-news","35":"tag-occitanie","36":"tag-quartier-cambaceres","37":"tag-recherche-et-developpement","38":"tag-republique-francaise","39":"tag-reseau-dentrepreneurs","40":"tag-sebastien-lacaze","41":"tag-soutien-aux-start-up","42":"tag-square","43":"tag-total-renouvelables","44":"tag-transition-ecologique","45":"tag-transition-energetique","46":"tag-vivatech"},"share_on_mastodon":{"url":"","error":"Validation failed: Text character limit of 500 exceeded"},"_links":{"self":[{"href":"https:\/\/www.europesays.com\/fr\/wp-json\/wp\/v2\/posts\/177085","targetHints":{"allow":["GET"]}}],"collection":[{"href":"https:\/\/www.europesays.com\/fr\/wp-json\/wp\/v2\/posts"}],"about":[{"href":"https:\/\/www.europesays.com\/fr\/wp-json\/wp\/v2\/types\/post"}],"author":[{"embeddable":true,"href":"https:\/\/www.europesays.com\/fr\/wp-json\/wp\/v2\/users\/2"}],"replies":[{"embeddable":true,"href":"https:\/\/www.europesays.com\/fr\/wp-json\/wp\/v2\/comments?post=177085"}],"version-history":[{"count":0,"href":"https:\/\/www.europesays.com\/fr\/wp-json\/wp\/v2\/posts\/177085\/revisions"}],"wp:featuredmedia":[{"embeddable":true,"href":"https:\/\/www.europesays.com\/fr\/wp-json\/wp\/v2\/media\/177086"}],"wp:attachment":[{"href":"https:\/\/www.europesays.com\/fr\/wp-json\/wp\/v2\/media?parent=177085"}],"wp:term":[{"taxonomy":"category","embeddable":true,"href":"https:\/\/www.europesays.com\/fr\/wp-json\/wp\/v2\/categories?post=177085"},{"taxonomy":"post_tag","embeddable":true,"href":"https:\/\/www.europesays.com\/fr\/wp-json\/wp\/v2\/tags?post=177085"}],"curies":[{"name":"wp","href":"https:\/\/api.w.org\/{rel}","templated":true}]}}