{"id":177089,"date":"2025-06-15T00:02:18","date_gmt":"2025-06-15T00:02:18","guid":{"rendered":"https:\/\/www.europesays.com\/fr\/177089\/"},"modified":"2025-06-15T00:02:18","modified_gmt":"2025-06-15T00:02:18","slug":"deux-des-suspects-places-en-detention-provisoire","status":"publish","type":"post","link":"https:\/\/www.europesays.com\/fr\/177089\/","title":{"rendered":"deux des suspects plac\u00e9s en d\u00e9tention provisoire"},"content":{"rendered":"<p>Ils seront jug\u00e9s le 4\u00a0ao\u00fbt. Deux membres de <a href=\"https:\/\/www.ledauphine.com\/faits-divers-justice\/2025\/06\/13\/jeune-poignarde-devant-son-lycee-a-echirolles-un-lyceen-de-17-ans-et-ses-trois-freres-majeurs-mis-en-cause\" target=\"_blank\" rel=\"noopener\">la fratrie mise en cause dans le guet-apens tendu \u00e0 un lyc\u00e9en le 17\u00a0avril<\/a> devant le lyc\u00e9e Marie-Curie \u00e0 \u00c9chirolles, ont \u00e9t\u00e9 \u00e9crou\u00e9s vendredi soir, dans l\u2019attente de leur jugement, conform\u00e9ment aux r\u00e9quisitions du parquet de Grenoble. <a href=\"https:\/\/www.ledauphine.com\/faits-divers-justice\/2025\/06\/13\/eleve-poignarde-a-la-sortie-du-lycee-l-hypothese-d-une-vendetta\" target=\"_blank\" rel=\"noopener\">Il s\u2019agit des deux fr\u00e8res les plus \u00e2g\u00e9s (27 et 30 ans), d\u00e9j\u00e0 condamn\u00e9s pour des violences <\/a> et qui nient leur participation \u00e0 cette agression. Les deux autres fr\u00e8res, le mineur de 17 ans et son a\u00een\u00e9 de 24 ans, qui a reconnu avoir port\u00e9 des coups de pied et de poing, ont \u00e9t\u00e9 plac\u00e9s sous contr\u00f4le judiciaire.\u00a0Le mineur sera jug\u00e9 prochainement par le tribunal pour enfants et le fr\u00e8re de 24 ans sera jug\u00e9 aux c\u00f4t\u00e9s des deux autres suspects, le 4\u00a0ao\u00fbt.<\/p>\n<p>Pour rappel, ce jour-l\u00e0, <a href=\"https:\/\/www.ledauphine.com\/faits-divers-justice\/2025\/06\/11\/lyceen-poignarde-en-avril-devant-son-etablissement-six-suspects-en-garde-a-vue\" target=\"_blank\" rel=\"noopener\"> un lyc\u00e9en de 17 ans avait \u00e9t\u00e9 poignard\u00e9 \u00e0 11 reprises \u00e0 la sortie des cours<\/a>. Il avait \u00e9t\u00e9 pris \u00e0 partie par au moins trois individus encagoul\u00e9s qui avaient surgi d\u2019une voiture. C\u2019est gr\u00e2ce \u00e0 l\u2019exploitation de la vid\u00e9osurveillance, qui a permis l\u2019identification d\u2019un lyc\u00e9en de 17 ans -un \u00e9l\u00e8ve de premi\u00e8re comme la victime- suspect\u00e9 d\u2019avoir fait le guet devant l\u2019\u00e9tablissement et d\u2019avoir donn\u00e9 le signal \u00e0 ses complices, que les policiers du SLPJ ont remont\u00e9 la piste des quatre fr\u00e8res.<\/p>\n","protected":false},"excerpt":{"rendered":"Ils seront jug\u00e9s le 4\u00a0ao\u00fbt. Deux membres de la fratrie mise en cause dans le guet-apens tendu \u00e0&hellip;\n","protected":false},"author":2,"featured_media":177090,"comment_status":"","ping_status":"","sticky":false,"template":"","format":"standard","meta":{"footnotes":""},"categories":[9566],"tags":[1111,11,2430,9852,9853,112,1777,674,274,107,1795,1011,27,2731,108,12,25],"class_list":{"0":"post-177089","1":"post","2":"type-post","3":"status-publish","4":"format-standard","5":"has-post-thumbnail","7":"category-grenoble","8":"tag-actu","9":"tag-actualites","10":"tag-auvergne-rhone-alpes","11":"tag-echirolles","12":"tag-echirolles-bassin","13":"tag-edition-grenoble-agglomeration","14":"tag-eu","15":"tag-europe","16":"tag-faits-divers-justice","17":"tag-fil-info","18":"tag-fil-web","19":"tag-fr","20":"tag-france","21":"tag-grenoble","22":"tag-isere","23":"tag-news","24":"tag-republique-francaise"},"share_on_mastodon":{"url":"https:\/\/pubeurope.com\/@fr\/114684450803027203","error":""},"_links":{"self":[{"href":"https:\/\/www.europesays.com\/fr\/wp-json\/wp\/v2\/posts\/177089","targetHints":{"allow":["GET"]}}],"collection":[{"href":"https:\/\/www.europesays.com\/fr\/wp-json\/wp\/v2\/posts"}],"about":[{"href":"https:\/\/www.europesays.com\/fr\/wp-json\/wp\/v2\/types\/post"}],"author":[{"embeddable":true,"href":"https:\/\/www.europesays.com\/fr\/wp-json\/wp\/v2\/users\/2"}],"replies":[{"embeddable":true,"href":"https:\/\/www.europesays.com\/fr\/wp-json\/wp\/v2\/comments?post=177089"}],"version-history":[{"count":0,"href":"https:\/\/www.europesays.com\/fr\/wp-json\/wp\/v2\/posts\/177089\/revisions"}],"wp:featuredmedia":[{"embeddable":true,"href":"https:\/\/www.europesays.com\/fr\/wp-json\/wp\/v2\/media\/177090"}],"wp:attachment":[{"href":"https:\/\/www.europesays.com\/fr\/wp-json\/wp\/v2\/media?parent=177089"}],"wp:term":[{"taxonomy":"category","embeddable":true,"href":"https:\/\/www.europesays.com\/fr\/wp-json\/wp\/v2\/categories?post=177089"},{"taxonomy":"post_tag","embeddable":true,"href":"https:\/\/www.europesays.com\/fr\/wp-json\/wp\/v2\/tags?post=177089"}],"curies":[{"name":"wp","href":"https:\/\/api.w.org\/{rel}","templated":true}]}}