{"id":177091,"date":"2025-06-15T00:03:17","date_gmt":"2025-06-15T00:03:17","guid":{"rendered":"https:\/\/www.europesays.com\/fr\/177091\/"},"modified":"2025-06-15T00:03:17","modified_gmt":"2025-06-15T00:03:17","slug":"perpignan-arrache-son-maintien-face-a-grenoble","status":"publish","type":"post","link":"https:\/\/www.europesays.com\/fr\/177091\/","title":{"rendered":"Perpignan arrache son maintien face \u00e0 Grenoble"},"content":{"rendered":"<p><strong>Grenoble (Pro D2)\u00a0&#8211; Perpignan (Top 14)\u00a0: 11-13<\/strong><\/p>\n<p>C&rsquo;est une ultime p\u00e9nalit\u00e9 qui a lib\u00e9r\u00e9 l\u2019USAP et a mis fin au r\u00eave de Grenoble de monter en Top\u00a014. L\u2019international italien Tommaso Allan a donn\u00e9 la victoire aux Catalans \u00e0 la 77e\u00a0minute, alors qu\u2019ils \u00e9taient men\u00e9s 11-10 apr\u00e8s une p\u00e9nalit\u00e9 inscrite \u00e0 la 75e\u00a0minute par Romain Trouilloud.<\/p>\n<p>Treizi\u00e8me de la saison r\u00e9guli\u00e8re de Top\u00a014, l\u2019USAP a battu le FCG en barrage pour la deuxi\u00e8me fois en trois ans. En 2023, ils avaient gagn\u00e9 33-19, \u00e0 Grenoble d\u00e9j\u00e0. Ils avaient aussi assur\u00e9 leur maintien en 2022, sur ce match d\u2019acc\u00e8s face \u00e0 Mont-de-Marsan (41-16).<\/p>\n<p><a target=\"_self\" href=\"https:\/\/www.lanouvellerepublique.fr\/sports\/pro-d2-montauban-fait-chuter-grenoble-et-decroche-une-montee-inesperee-1749320376\" rel=\"nofollow noopener\">Battu par Montauban (24-19)<\/a> il y a une semaine, pour la troisi\u00e8me fois en finale de deuxi\u00e8me division, le FC Grenoble a ainsi rat\u00e9 sa sixi\u00e8me occasion d\u2019acc\u00e9der \u00e0 l\u2019\u00e9lite du rugby fran\u00e7ais. Champions de la saison r\u00e9guli\u00e8re avec 98 points, les Grenoblois conc\u00e8dent m\u00eame leur premi\u00e8re d\u00e9faite de la saison dans leur Stade des Alpes qui affichait complet avec pr\u00e8s de 20.000 spectateurs.<\/p>\n<p>Deux essais refus\u00e9s pour le FCG<\/p>\n<p>La rencontre n\u2019a pas bien d\u00e9but\u00e9 pour les Is\u00e9rois, surpris d\u2019entr\u00e9e dans le combat physique impos\u00e9 par les Catalans qui ont rapidement ouvert la marque sur un essai de l\u2019ailier Tavite Veredamu, transform\u00e9 par Tommaso Allan d\u00e8s la 2e\u00a0minute (0-7).<\/p>\n<p>\u00c7a a \u00e9t\u00e9 la seule action notable de l\u2019USAP en premi\u00e8re p\u00e9riode. Progressivement, Grenoble s\u2019est mis \u00e0 la hauteur de son adversaire et a pris le dessus en touche, notamment. Mais les locaux se sont vus refuser deux essais apr\u00e8s arbitrage vid\u00e9o, inscrits par Wilfried Hulleu (15e, 19e). Sur le premier, l\u2019ailier grenoblois a \u00e9t\u00e9 devanc\u00e9 sur le ballon par Veredamu et sur le second, c\u2019est un en-avant sur la derni\u00e8re passe qui a \u00e9t\u00e9 relev\u00e9.<\/p>\n<p>Mais l\u2019essai du deuxi\u00e8me ligne Thomas Lainault, obtenu apr\u00e8s une m\u00eal\u00e9e \u00e0 cinq m\u00e8tres, a ramen\u00e9 le FCG \u00e0 5-7 (24e), Sam Davies ayant manqu\u00e9 la transformation.\u00a0Ce dernier a toutefois donn\u00e9 l\u2019avantage \u00e0 son \u00e9quipe juste avant la mi-temps sur une p\u00e9nalit\u00e9 (8-7, 38e).<\/p>\n<p>Un final haletant<\/p>\n<p>La seconde p\u00e9riode a \u00e9t\u00e9 tr\u00e8s difficile pour les Is\u00e9rois avec une grosse pression de la part de Perpignan, dont un essai du centre Jeronimo de La Fuente a \u00e9t\u00e9 refus\u00e9 pour un en-avant (53e).\u00a0Si la d\u00e9fense du FCG a \u00e9t\u00e9 h\u00e9ro\u00efque, l\u2019USAP a quand m\u00eame repris l\u2019avantage sur une p\u00e9nalit\u00e9 de 35 m\u00e8tres d\u2019Allan (8-10, 65e), d\u00e9cisif dans le succ\u00e8s de son \u00e9quipe.<\/p>\n<p>Une avance m\u00e9rit\u00e9e pour les Catalans en termes d\u2019occupation du terrain, Grenoble peinant \u00e0 porter le ballon au-del\u00e0 de la ligne m\u00e9diane.<\/p>\n<p>Alors que Davies a manqu\u00e9 une p\u00e9nalit\u00e9 \u00e0 la 70e\u00a0minute avant que Trouilloud ne se charge de transformer la sienne pour donner l\u2019espoir \u00e0 sa formation (11-10). Mais les Grenoblois ont fini par craquer dans les ultimes instants, au terme d\u2019une seconde p\u00e9riode o\u00f9 ils ne se sont pas montr\u00e9s assez dangereux.<\/p>\n<p><strong>Mi-temps\u00a0:<\/strong> 8-7.<br \/><strong>Arbitre\u00a0:<\/strong> M.\u00a0Charabas.<br \/><strong>Grenoble\u00a0:<\/strong> 1E Lainault (24e)\u00a0; 2P Davies (38e), Trouilloud (75e).<br \/><strong>Perpignan\u00a0:<\/strong> 1E Veredamu (2e)\u00a0; 1T Allan (2e)\u00a0; 2P Allan (66e, 77e).<\/p>\n","protected":false},"excerpt":{"rendered":"Grenoble (Pro D2)\u00a0&#8211; Perpignan (Top 14)\u00a0: 11-13 C&rsquo;est une ultime p\u00e9nalit\u00e9 qui a lib\u00e9r\u00e9 l\u2019USAP et a mis&hellip;\n","protected":false},"author":2,"featured_media":177092,"comment_status":"","ping_status":"","sticky":false,"template":"","format":"standard","meta":{"footnotes":""},"categories":[9566],"tags":[1111,11,2430,1777,674,1011,27,2731,12,25,479,60,478],"class_list":{"0":"post-177091","1":"post","2":"type-post","3":"status-publish","4":"format-standard","5":"has-post-thumbnail","7":"category-grenoble","8":"tag-actu","9":"tag-actualites","10":"tag-auvergne-rhone-alpes","11":"tag-eu","12":"tag-europe","13":"tag-fr","14":"tag-france","15":"tag-grenoble","16":"tag-news","17":"tag-republique-francaise","18":"tag-rugby","19":"tag-sports","20":"tag-top-14"},"share_on_mastodon":{"url":"https:\/\/pubeurope.com\/@fr\/114684454759152748","error":""},"_links":{"self":[{"href":"https:\/\/www.europesays.com\/fr\/wp-json\/wp\/v2\/posts\/177091","targetHints":{"allow":["GET"]}}],"collection":[{"href":"https:\/\/www.europesays.com\/fr\/wp-json\/wp\/v2\/posts"}],"about":[{"href":"https:\/\/www.europesays.com\/fr\/wp-json\/wp\/v2\/types\/post"}],"author":[{"embeddable":true,"href":"https:\/\/www.europesays.com\/fr\/wp-json\/wp\/v2\/users\/2"}],"replies":[{"embeddable":true,"href":"https:\/\/www.europesays.com\/fr\/wp-json\/wp\/v2\/comments?post=177091"}],"version-history":[{"count":0,"href":"https:\/\/www.europesays.com\/fr\/wp-json\/wp\/v2\/posts\/177091\/revisions"}],"wp:featuredmedia":[{"embeddable":true,"href":"https:\/\/www.europesays.com\/fr\/wp-json\/wp\/v2\/media\/177092"}],"wp:attachment":[{"href":"https:\/\/www.europesays.com\/fr\/wp-json\/wp\/v2\/media?parent=177091"}],"wp:term":[{"taxonomy":"category","embeddable":true,"href":"https:\/\/www.europesays.com\/fr\/wp-json\/wp\/v2\/categories?post=177091"},{"taxonomy":"post_tag","embeddable":true,"href":"https:\/\/www.europesays.com\/fr\/wp-json\/wp\/v2\/tags?post=177091"}],"curies":[{"name":"wp","href":"https:\/\/api.w.org\/{rel}","templated":true}]}}