{"id":177095,"date":"2025-06-15T00:05:10","date_gmt":"2025-06-15T00:05:10","guid":{"rendered":"https:\/\/www.europesays.com\/fr\/177095\/"},"modified":"2025-06-15T00:05:10","modified_gmt":"2025-06-15T00:05:10","slug":"previsions-du-dimanche-15-juin-2025-4","status":"publish","type":"post","link":"https:\/\/www.europesays.com\/fr\/177095\/","title":{"rendered":"pr\u00e9visions du dimanche 15 juin 2025"},"content":{"rendered":"<p>Aujourd&rsquo;hui, les temp\u00e9ratures afficheront entre 10 et 22\u00b0C \u00e0 Rennes. Le matin, un grand soleil rayonnera. Les valeurs tourneront autour des 17\u00b0C. Une modeste brise de nord-ouest sera ressentie par les habitants. Apr\u00e8s un court \u00e9pisode nuageux, le temps va doucement s&rsquo;am\u00e9liorer dans l&rsquo;apr\u00e8s-midi et laisser place \u00e0 des \u00e9claircies. Les temp\u00e9ratures vont grimper de plusieurs degr\u00e9s. Les valeurs iront de 20 \u00e0 22\u00b0C. Un ciel brumeux est \u00e0 pr\u00e9voir dans la nuit reliant dimanche et lundi.<\/p>\n<p>Pour Rennes, une m\u00e9t\u00e9o plus chaude est pr\u00e9vue demain \u00e9tant donn\u00e9 que le mercure va conna\u00eetre une hausse. Le thermom\u00e8tre affichera 18\u00b0C en moyenne. Un vent de nord rafra\u00eechira l\u00e9g\u00e8rement l&rsquo;atmosph\u00e8re. Le ciel va quelque peu se d\u00e9gager dans la matin\u00e9e avec des \u00e9claircies. Il va faire environ 18\u00b0C. L&rsquo;apr\u00e8s-midi qui s&rsquo;annonce, promet d&rsquo;\u00eatre superbe et ensoleill\u00e9 ! Les temp\u00e9ratures vont enregistrer une augmentation de plusieurs degr\u00e9s. Les valeurs seront de 23\u00b0C au plus bas et de 25\u00b0C au plus haut. Dans la soir\u00e9e, les temp\u00e9ratures avoisineront les 18\u00b0C.<\/p>\n<p>Le temps restera stable les prochains jours. On pr\u00e9voit des journ\u00e9es ensoleill\u00e9es, avec des temp\u00e9ratures dans les 21\u00b0C en moyenne.<\/p>\n<p><\/p>\n","protected":false},"excerpt":{"rendered":"Aujourd&rsquo;hui, les temp\u00e9ratures afficheront entre 10 et 22\u00b0C \u00e0 Rennes. Le matin, un grand soleil rayonnera. Les valeurs&hellip;\n","protected":false},"author":2,"featured_media":177096,"comment_status":"","ping_status":"","sticky":false,"template":"","format":"standard","meta":{"footnotes":""},"categories":[2821],"tags":[1111,11,829,1777,674,1011,27,848,12,2119,584,25],"class_list":{"0":"post-177095","1":"post","2":"type-post","3":"status-publish","4":"format-standard","5":"has-post-thumbnail","7":"category-rennes","8":"tag-actu","9":"tag-actualites","10":"tag-bretagne","11":"tag-eu","12":"tag-europe","13":"tag-fr","14":"tag-france","15":"tag-ille-et-vilaine","16":"tag-news","17":"tag-previsions-meteo","18":"tag-rennes","19":"tag-republique-francaise"},"share_on_mastodon":{"url":"https:\/\/pubeurope.com\/@fr\/114684462616916784","error":""},"_links":{"self":[{"href":"https:\/\/www.europesays.com\/fr\/wp-json\/wp\/v2\/posts\/177095","targetHints":{"allow":["GET"]}}],"collection":[{"href":"https:\/\/www.europesays.com\/fr\/wp-json\/wp\/v2\/posts"}],"about":[{"href":"https:\/\/www.europesays.com\/fr\/wp-json\/wp\/v2\/types\/post"}],"author":[{"embeddable":true,"href":"https:\/\/www.europesays.com\/fr\/wp-json\/wp\/v2\/users\/2"}],"replies":[{"embeddable":true,"href":"https:\/\/www.europesays.com\/fr\/wp-json\/wp\/v2\/comments?post=177095"}],"version-history":[{"count":0,"href":"https:\/\/www.europesays.com\/fr\/wp-json\/wp\/v2\/posts\/177095\/revisions"}],"wp:featuredmedia":[{"embeddable":true,"href":"https:\/\/www.europesays.com\/fr\/wp-json\/wp\/v2\/media\/177096"}],"wp:attachment":[{"href":"https:\/\/www.europesays.com\/fr\/wp-json\/wp\/v2\/media?parent=177095"}],"wp:term":[{"taxonomy":"category","embeddable":true,"href":"https:\/\/www.europesays.com\/fr\/wp-json\/wp\/v2\/categories?post=177095"},{"taxonomy":"post_tag","embeddable":true,"href":"https:\/\/www.europesays.com\/fr\/wp-json\/wp\/v2\/tags?post=177095"}],"curies":[{"name":"wp","href":"https:\/\/api.w.org\/{rel}","templated":true}]}}