{"id":177097,"date":"2025-06-15T00:06:13","date_gmt":"2025-06-15T00:06:13","guid":{"rendered":"https:\/\/www.europesays.com\/fr\/177097\/"},"modified":"2025-06-15T00:06:13","modified_gmt":"2025-06-15T00:06:13","slug":"previsions-du-dimanche-15-juin-2025-5","status":"publish","type":"post","link":"https:\/\/www.europesays.com\/fr\/177097\/","title":{"rendered":"pr\u00e9visions du dimanche 15 juin 2025"},"content":{"rendered":"<p>Aujourd&rsquo;hui, c&rsquo;est sur un ciel tapiss\u00e9 de nuages qu&rsquo;il faudra compter \u00e0 Strasbourg. Il fera environ 20\u00b0C. Les temp\u00e9ratures afficheront entre 20 et 22\u00b0C durant la matin\u00e9e. Une l\u00e9g\u00e8re brise de sud-ouest soufflera. C&rsquo;est \u00e0 un ciel couvert de nuages qu&rsquo;il faudra s&rsquo;attendre l&rsquo;apr\u00e8s-midi. Des averses sont attendues. La ville sera de temps en temps sous la pluie. Les valeurs s&rsquo;\u00e9chelonneront entre 20\u00b0C et 22\u00b0C. Le soir, du mauvais temps est \u00e0 pr\u00e9voir. Des pluies \u00e9parses vont tomber. Le thermom\u00e8tre affichera 18\u00b0C en moyenne. Durant la nuit de dimanche \u00e0 lundi, le ciel sera limpide.<\/p>\n<p>Demain, un grand soleil rayonnera sur Strasbourg. Les temp\u00e9ratures vont chuter de quelques degr\u00e9s. Les valeurs seront comprises entre 14 et 24\u00b0C. Un vent de nord-est rafra\u00eechira quelque peu l&rsquo;atmosph\u00e8re. Le matin, on anticipe des valeurs d&rsquo;environ 19\u00b0C. Un temps plus chaud est \u00e0 pr\u00e9voir demain apr\u00e8s-midi \u00e9tant donn\u00e9 que le mercure va enregistrer une l\u00e9g\u00e8re augmentation. Les temp\u00e9ratures afficheront entre 23 et 24\u00b0C. Dans la soir\u00e9e, les temp\u00e9ratures avoisineront les 20\u00b0C.<\/p>\n<p>Les jours se suivent et se ressemblent. Une m\u00e9t\u00e9o ensoleill\u00e9e, pour des temp\u00e9ratures de 21\u00b0C en moyenne, est pr\u00e9vue.<\/p>\n<p><\/p>\n","protected":false},"excerpt":{"rendered":"Aujourd&rsquo;hui, c&rsquo;est sur un ciel tapiss\u00e9 de nuages qu&rsquo;il faudra compter \u00e0 Strasbourg. Il fera environ 20\u00b0C. Les&hellip;\n","protected":false},"author":2,"featured_media":177098,"comment_status":"","ping_status":"","sticky":false,"template":"","format":"standard","meta":{"footnotes":""},"categories":[2820],"tags":[1111,11,2389,2649,1777,674,1011,27,775,12,2119,25,640],"class_list":{"0":"post-177097","1":"post","2":"type-post","3":"status-publish","4":"format-standard","5":"has-post-thumbnail","7":"category-strasbourg","8":"tag-actu","9":"tag-actualites","10":"tag-alsace","11":"tag-bas-rhin","12":"tag-eu","13":"tag-europe","14":"tag-fr","15":"tag-france","16":"tag-grand-est","17":"tag-news","18":"tag-previsions-meteo","19":"tag-republique-francaise","20":"tag-strasbourg"},"share_on_mastodon":{"url":"https:\/\/pubeurope.com\/@fr\/114684466493163099","error":""},"_links":{"self":[{"href":"https:\/\/www.europesays.com\/fr\/wp-json\/wp\/v2\/posts\/177097","targetHints":{"allow":["GET"]}}],"collection":[{"href":"https:\/\/www.europesays.com\/fr\/wp-json\/wp\/v2\/posts"}],"about":[{"href":"https:\/\/www.europesays.com\/fr\/wp-json\/wp\/v2\/types\/post"}],"author":[{"embeddable":true,"href":"https:\/\/www.europesays.com\/fr\/wp-json\/wp\/v2\/users\/2"}],"replies":[{"embeddable":true,"href":"https:\/\/www.europesays.com\/fr\/wp-json\/wp\/v2\/comments?post=177097"}],"version-history":[{"count":0,"href":"https:\/\/www.europesays.com\/fr\/wp-json\/wp\/v2\/posts\/177097\/revisions"}],"wp:featuredmedia":[{"embeddable":true,"href":"https:\/\/www.europesays.com\/fr\/wp-json\/wp\/v2\/media\/177098"}],"wp:attachment":[{"href":"https:\/\/www.europesays.com\/fr\/wp-json\/wp\/v2\/media?parent=177097"}],"wp:term":[{"taxonomy":"category","embeddable":true,"href":"https:\/\/www.europesays.com\/fr\/wp-json\/wp\/v2\/categories?post=177097"},{"taxonomy":"post_tag","embeddable":true,"href":"https:\/\/www.europesays.com\/fr\/wp-json\/wp\/v2\/tags?post=177097"}],"curies":[{"name":"wp","href":"https:\/\/api.w.org\/{rel}","templated":true}]}}