{"id":177099,"date":"2025-06-15T00:07:22","date_gmt":"2025-06-15T00:07:22","guid":{"rendered":"https:\/\/www.europesays.com\/fr\/177099\/"},"modified":"2025-06-15T00:07:22","modified_gmt":"2025-06-15T00:07:22","slug":"strasbourg-les-associations-de-protection-de-la-nature-sous-le-meme-toit","status":"publish","type":"post","link":"https:\/\/www.europesays.com\/fr\/177099\/","title":{"rendered":"Strasbourg. Les associations de protection de la nature sous le m\u00eame toit"},"content":{"rendered":"<p>  Les travaux d\u00e9marreront l\u2019an prochain <\/p>\n<p>Cette maison commune regroupera \u00e0 l\u2019\u00e9chelle r\u00e9gionale sept organismes\u00a0: Alsace Nature, Odonat, Bufo, Gepma, Z\u00e9ro d\u00e9chet Strasbourg, France nature environnement Grand Est et le p\u00f4le biodiversit\u00e9 de France nature environnement. Une premi\u00e8re phase de travaux men\u00e9e par le cabinet d\u2019architectes Rey De Cr\u00e9cy d\u00e9marrera en 2026, pour un peu plus de 3\u00a0millions d\u2019euros. D\u00e9samiantage, r\u00e9novation patrimoniale et \u00e9nerg\u00e9tique avec des mat\u00e9riaux biosourc\u00e9s et am\u00e9nagement des lieux en locaux associatifs \u2013 r\u00e9partis entre le 32, quai Jacoutot et une seconde maison au 4, rue de la Cigale \u2013 sont pr\u00e9vus dans un premier temps sur ce terrain de 2 hectares. Il compte deux autres villas aux 4 et 6, chemin Goeb, qui seront s\u00e9curis\u00e9es, en attendant d\u2019\u00e9ventuels futurs projets. \u00c0 terme, le site pourra \u00eatre ponctuellement ouvert au public lors de sorties guid\u00e9es ou d\u2019actions d\u2019\u00e9ducation \u00e0 l\u2019environnement.<\/p>\n","protected":false},"excerpt":{"rendered":"Les travaux d\u00e9marreront l\u2019an prochain Cette maison commune regroupera \u00e0 l\u2019\u00e9chelle r\u00e9gionale sept organismes\u00a0: Alsace Nature, Odonat, Bufo,&hellip;\n","protected":false},"author":2,"featured_media":177100,"comment_status":"","ping_status":"","sticky":false,"template":"","format":"standard","meta":{"footnotes":""},"categories":[2820],"tags":[1111,11,2389,2649,2880,436,1777,674,107,1011,27,775,12,5140,25,640,2879],"class_list":{"0":"post-177099","1":"post","2":"type-post","3":"status-publish","4":"format-standard","5":"has-post-thumbnail","7":"category-strasbourg","8":"tag-actu","9":"tag-actualites","10":"tag-alsace","11":"tag-bas-rhin","12":"tag-edition-strasbourg","13":"tag-environnement","14":"tag-eu","15":"tag-europe","16":"tag-fil-info","17":"tag-fr","18":"tag-france","19":"tag-grand-est","20":"tag-news","21":"tag-rechauffement-climatique","22":"tag-republique-francaise","23":"tag-strasbourg","24":"tag-strasbourg-ville"},"share_on_mastodon":{"url":"https:\/\/pubeurope.com\/@fr\/114684470445947252","error":""},"_links":{"self":[{"href":"https:\/\/www.europesays.com\/fr\/wp-json\/wp\/v2\/posts\/177099","targetHints":{"allow":["GET"]}}],"collection":[{"href":"https:\/\/www.europesays.com\/fr\/wp-json\/wp\/v2\/posts"}],"about":[{"href":"https:\/\/www.europesays.com\/fr\/wp-json\/wp\/v2\/types\/post"}],"author":[{"embeddable":true,"href":"https:\/\/www.europesays.com\/fr\/wp-json\/wp\/v2\/users\/2"}],"replies":[{"embeddable":true,"href":"https:\/\/www.europesays.com\/fr\/wp-json\/wp\/v2\/comments?post=177099"}],"version-history":[{"count":0,"href":"https:\/\/www.europesays.com\/fr\/wp-json\/wp\/v2\/posts\/177099\/revisions"}],"wp:featuredmedia":[{"embeddable":true,"href":"https:\/\/www.europesays.com\/fr\/wp-json\/wp\/v2\/media\/177100"}],"wp:attachment":[{"href":"https:\/\/www.europesays.com\/fr\/wp-json\/wp\/v2\/media?parent=177099"}],"wp:term":[{"taxonomy":"category","embeddable":true,"href":"https:\/\/www.europesays.com\/fr\/wp-json\/wp\/v2\/categories?post=177099"},{"taxonomy":"post_tag","embeddable":true,"href":"https:\/\/www.europesays.com\/fr\/wp-json\/wp\/v2\/tags?post=177099"}],"curies":[{"name":"wp","href":"https:\/\/api.w.org\/{rel}","templated":true}]}}