{"id":177104,"date":"2025-06-15T00:10:09","date_gmt":"2025-06-15T00:10:09","guid":{"rendered":"https:\/\/www.europesays.com\/fr\/177104\/"},"modified":"2025-06-15T00:10:09","modified_gmt":"2025-06-15T00:10:09","slug":"previsions-du-dimanche-15-juin-2025-6","status":"publish","type":"post","link":"https:\/\/www.europesays.com\/fr\/177104\/","title":{"rendered":"pr\u00e9visions du dimanche 15 juin 2025"},"content":{"rendered":"<p>\u00c0 Nantes, les temp\u00e9ratures seront de 18\u00b0C au cours de la journ\u00e9e. Un l\u00e9ger vent de nord-ouest soufflera. Le soleil sera dominant, la garantie d&rsquo;une magnifique matin\u00e9e ! Il fera 19\u00b0C en moyenne. Apr\u00e8s quelques passages nuageux, des \u00e9claircies sont pr\u00e9vues : on passera un apr\u00e8s-midi agr\u00e9able. Le temps va se r\u00e9chauffer avec une augmentation de plusieurs degr\u00e9s. Les valeurs s&rsquo;\u00e9chelonneront entre 23 et 25\u00b0C. Un ciel d\u00e9pourvu de nuages est \u00e0 pr\u00e9voir dans la nuit reliant dimanche et lundi.<\/p>\n<p>C&rsquo;est un soleil radieux qui va se montrer demain sur Nantes. Une m\u00e9t\u00e9o plus chaude est pr\u00e9vue puisque le mercure va enregistrer une hausse. On pr\u00e9voit des temp\u00e9ratures avoisinant 19\u00b0C. Une l\u00e9g\u00e8re brise de nord-est sera ressentie par les habitants. Dans la matin\u00e9e, les temp\u00e9ratures tourneront autour des 19\u00b0C. Les valeurs vont conna\u00eetre une augmentation de plusieurs degr\u00e9s durant l&rsquo;apr\u00e8s-midi. Les valeurs afficheront entre 25 et 28\u00b0C.<\/p>\n<p>Les jours s&rsquo;encha\u00eenent et se ressemblent. On anticipe des journ\u00e9es ensoleill\u00e9es, accompagn\u00e9es par des temp\u00e9ratures dans les 23\u00b0C en moyenne.<\/p>\n<p><\/p>\n","protected":false},"excerpt":{"rendered":"\u00c0 Nantes, les temp\u00e9ratures seront de 18\u00b0C au cours de la journ\u00e9e. Un l\u00e9ger vent de nord-ouest soufflera.&hellip;\n","protected":false},"author":2,"featured_media":177105,"comment_status":"","ping_status":"","sticky":false,"template":"","format":"standard","meta":{"footnotes":""},"categories":[2818],"tags":[1111,11,1777,674,1011,27,3047,766,12,2636,2119,25],"class_list":{"0":"post-177104","1":"post","2":"type-post","3":"status-publish","4":"format-standard","5":"has-post-thumbnail","7":"category-nantes","8":"tag-actu","9":"tag-actualites","10":"tag-eu","11":"tag-europe","12":"tag-fr","13":"tag-france","14":"tag-loire-atlantique","15":"tag-nantes","16":"tag-news","17":"tag-pays-de-la-loire","18":"tag-previsions-meteo","19":"tag-republique-francaise"},"share_on_mastodon":{"url":"https:\/\/pubeurope.com\/@fr\/114684482234609145","error":""},"_links":{"self":[{"href":"https:\/\/www.europesays.com\/fr\/wp-json\/wp\/v2\/posts\/177104","targetHints":{"allow":["GET"]}}],"collection":[{"href":"https:\/\/www.europesays.com\/fr\/wp-json\/wp\/v2\/posts"}],"about":[{"href":"https:\/\/www.europesays.com\/fr\/wp-json\/wp\/v2\/types\/post"}],"author":[{"embeddable":true,"href":"https:\/\/www.europesays.com\/fr\/wp-json\/wp\/v2\/users\/2"}],"replies":[{"embeddable":true,"href":"https:\/\/www.europesays.com\/fr\/wp-json\/wp\/v2\/comments?post=177104"}],"version-history":[{"count":0,"href":"https:\/\/www.europesays.com\/fr\/wp-json\/wp\/v2\/posts\/177104\/revisions"}],"wp:featuredmedia":[{"embeddable":true,"href":"https:\/\/www.europesays.com\/fr\/wp-json\/wp\/v2\/media\/177105"}],"wp:attachment":[{"href":"https:\/\/www.europesays.com\/fr\/wp-json\/wp\/v2\/media?parent=177104"}],"wp:term":[{"taxonomy":"category","embeddable":true,"href":"https:\/\/www.europesays.com\/fr\/wp-json\/wp\/v2\/categories?post=177104"},{"taxonomy":"post_tag","embeddable":true,"href":"https:\/\/www.europesays.com\/fr\/wp-json\/wp\/v2\/tags?post=177104"}],"curies":[{"name":"wp","href":"https:\/\/api.w.org\/{rel}","templated":true}]}}