{"id":177115,"date":"2025-06-15T00:18:11","date_gmt":"2025-06-15T00:18:11","guid":{"rendered":"https:\/\/www.europesays.com\/fr\/177115\/"},"modified":"2025-06-15T00:18:11","modified_gmt":"2025-06-15T00:18:11","slug":"la-fonky-family-a-fait-son-retour-a-marsatac-dans-une-ambiance-survoltee","status":"publish","type":"post","link":"https:\/\/www.europesays.com\/fr\/177115\/","title":{"rendered":"La Fonky Family a fait son retour \u00e0 Marsatac dans une ambiance survolt\u00e9e"},"content":{"rendered":"<p>Vers 19\u00a0h\u00a030 il fait toujours tr\u00e8s chaud samedi 14\u00a0juin au <a href=\"https:\/\/www.laprovence.com\/article\/culture-loisirs\/1418756094955414\/le-festival-marsatac-et-marseille-une-idylle-de-26-ans-qui-se-poursuit-des-ce-vendredi-13-juin\" target=\"_blank\" rel=\"noopener\">sein du parc Bor\u00e9ly<\/a>. Le rappeur fran\u00e7ais Wallace Cleaver, accompagn\u00e9 de ses musiciens, a d\u00e9marr\u00e9 la soir\u00e9e sur la sc\u00e8ne principale. La temp\u00e9rature monte encore d&rsquo;un cran autour de la petite sc\u00e8ne du virage qui accueille la techno punk et funk de Jean-Paul Groove. Le trio bruxellois (basse, guitare et batterie), torse nu, offre une performance vitamin\u00e9e et hyper\u00e9lectrique.<\/p>\n<p>Le ph\u00e9nom\u00e8ne Saint Levant<\/p>\n<p>Apr\u00e8s eux, sur la \u00ab\u00a0main stage\u00a0\u00bb c&rsquo;est le premier \u00e9v\u00e9nement de la soir\u00e9e. Le rappeur palestinien engag\u00e9 Saint Levant, nouvelle \u00e9toile du rap, programm\u00e9 \u00e0 Coachella en 2024, livre, avec toute sa formation musicale, un show festif, multiculturel (il chante en arabe, fran\u00e7ais et anglais) sur une sc\u00e8ne remplie de petits drapeaux palestiniens qui font \u00e9cho \u00e0 ceux brandis par le public.<\/p>\n<p><img alt=\"Le rappeur palestinien engag\u00e9 Saint Levant, nouvelle \u00e9toile du rap, programm\u00e9 \u00e0 Coachella en 2024, a livr\u00e9, avec toute sa formation musicale, un show festif.\" loading=\"lazy\" decoding=\"async\" data-nimg=\"fill\" class=\" TwicCore_img__i9TC1 undefined  undefined\" style=\"position:absolute;height:100%;width:100%;left:0;top:0;right:0;bottom:0;color:transparent;background-size:cover;background-position:50% 50%;background-repeat:no-repeat;background-image:url(&quot;data:image\/svg+xml;charset=utf-8,%3Csvg xmlns='http:\/\/www.w3.org\/2000\/svg' %3E%3Cfilter id='b' color-interpolation-filters='sRGB'%3E%3CfeGaussianBlur stdDeviation='20'\/%3E%3CfeColorMatrix values='1 0 0 0 0 0 1 0 0 0 0 0 1 0 0 0 0 0 100 -1' result='s'\/%3E%3CfeFlood x='0' y='0' width='100%25' height='100%25'\/%3E%3CfeComposite operator='out' in='s'\/%3E%3CfeComposite in2='SourceGraphic'\/%3E%3CfeGaussianBlur stdDeviation='20'\/%3E%3C\/filter%3E%3Cimage width='100%25' height='100%25' x='0' y='0' preserveAspectRatio='none' style='filter: url(%23b);' href='https:\/\/pictures.laprovence.com\/cdn-cgi\/image\/blur=250\/media\/melody\/2025\/06\/15\/fp-0325-jpg-1749943108_875237c9cd4869b5237c9cd487f523v_.jpg'\/%3E%3C\/svg%3E&quot;)\"   src=\"https:\/\/www.europesays.com\/fr\/wp-content\/uploads\/2025\/06\/fp-0325-jpg-1749943108_875237c9cd4869b5237c9cd487f523v_.jpg\"\/>Le rappeur palestinien engag\u00e9 Saint Levant, nouvelle \u00e9toile du rap, programm\u00e9 \u00e0 Coachella en 2024, a livr\u00e9, avec toute sa formation musicale, un show festif. \/ Photo FRANCK PENNANT<\/p>\n<p>\u00ab\u00a0Marseille, mes grands-parents ils habitaient ici, je venais au parc Bor\u00e9ly, je donnais \u00e0 manger aux canards\u00a0!\u00a0\u00bb, lance le jeune artiste \u00ab\u00a0de m\u00e8re alg\u00e9rienne et de p\u00e8re palestinien\u00a0\u00bb, avant de chanter Very few friends, le morceau qui l&rsquo;a fait conna\u00eetre sur les r\u00e9seaux sociaux et qu&rsquo;il termine au saxo.<\/p>\n<p>Quelques minutes plus tard, assis avec un oud, il entamera avec \u00e9motion un discours engag\u00e9 en anglais et fran\u00e7ais. \u00ab\u00a0Je voudrais dire un mot\u00a0: c&rsquo;est un g\u00e9nocide, d\u00e9clare le musicien. C&rsquo;est difficile de chanter, danser et partager ma culture pendant que mes s\u0153urs et fr\u00e8res vivent un g\u00e9nocide.\u00a0\u00bb \u00ab\u00a0Free Palestine\u00a0\u00bb, scandera le public en r\u00e9ponse. Le show de Saint Levant finit par enflammer plus de 10\u00a0500 festivaliers conquis, (<a href=\"https:\/\/www.laprovence.com\/article\/culture-loisirs\/1256396990703415\/marsatac-2025-le-rap-et-l-electro-ont-percute-les-milliers-de-festivaliers-ce-vendredi-soir\" target=\"_blank\" rel=\"noopener\">ils \u00e9taient 13\u00a0500 le premier soir selon l&rsquo;organisation<\/a>), avec un medley de reprises dont un petit refrain bien connu \u00ab\u00a0C&rsquo;est Marseille b\u00e9b\u00e9\u00a0\u00bb.<\/p>\n<p>La FF met le feu<\/p>\n<p>Mais la soir\u00e9e est loin d&rsquo;\u00eatre finie\u00a0: les gagnants des cinq ann\u00e9es de La Frappe, le tremplin rap mis en place par Marsatac et parrain\u00e9 par Faf Larage, sont r\u00e9unis pour un concert in\u00e9dit. Tandis que le public se pr\u00e9pare pour le deuxi\u00e8me grand moment du soir\u00a0: <a href=\"https:\/\/www.laprovence.com\/article\/culture-loisirs\/2454809453013315\/marseille-la-fonky-family-retrouve-le-festival-marsatac-8-ans-apres\" target=\"_blank\" rel=\"noopener\">le retour de la FF<\/a>, 26 ans apr\u00e8s leur passage lors du premier Marsatac \u00e0 l&rsquo;Espace Julien. Les \u00ab\u00a0Bad Boys de Marseille\u00a0\u00bb s&rsquo;\u00e9taient aussi reform\u00e9s en 2017 \u00e0 Marsatac au Parc Chanot. Une vraie histoire de famille avec le festival. L'\u00a0\u00bbambiance scandale\u00a0\u00bb est donc \u00e0 son comble \u00e0 22\u00a0h\u00a045 quand le groupe monte sur sc\u00e8ne en mode \u00ab\u00a0op\u00e9ration coup de poing\u00a0\u00bb avec le morceau Sans r\u00e9mission.<\/p>\n<p>Logo historique du groupe en fond de sc\u00e8ne, les tubes s&rsquo;encha\u00eenent (L&rsquo;amour du risque, Bad Boys de Marseille) ainsi qu&rsquo;un Aux armes, ou encore Sous le soleil de 13 organis\u00e9 pour rendre hommage \u00e0 tout le rap marseillais. Les flammes sortent de sc\u00e8ne. L&rsquo;\u00e9nergie marseillaise est \u00e0 son comble, avec le 3e \u0153il et Faf Larage en bonus. La soir\u00e9e s&rsquo;est termin\u00e9e pour les plus vaillants sur les sons \u00e9lectros pop de la Djette Eloi avant un final d\u00e9jant\u00e9 assur\u00e9 par l&rsquo;ovni franco-am\u00e9ricain Marc Rebillet. Une 27e \u00e9dition r\u00e9ussie qui s&rsquo;est achev\u00e9e en apoth\u00e9ose.<\/p>\n","protected":false},"excerpt":{"rendered":"Vers 19\u00a0h\u00a030 il fait toujours tr\u00e8s chaud samedi 14\u00a0juin au sein du parc Bor\u00e9ly. Le rappeur fran\u00e7ais Wallace&hellip;\n","protected":false},"author":2,"featured_media":177116,"comment_status":"","ping_status":"","sticky":false,"template":"","format":"standard","meta":{"footnotes":""},"categories":[2814],"tags":[17,1111,11,1446,1777,674,21,9515,3337,31323,1011,27,19357,884,12,882,25,8133,3711],"class_list":{"0":"post-177115","1":"post","2":"type-post","3":"status-publish","4":"format-standard","5":"has-post-thumbnail","7":"category-marseille","8":"tag-17","9":"tag-actu","10":"tag-actualites","11":"tag-dans","12":"tag-eu","13":"tag-europe","14":"tag-fait","15":"tag-family","16":"tag-festivals","17":"tag-fonky","18":"tag-fr","19":"tag-france","20":"tag-marsatac","21":"tag-marseille","22":"tag-news","23":"tag-provence-alpes-cote-dazur","24":"tag-republique-francaise","25":"tag-retour","26":"tag-son"},"share_on_mastodon":{"url":"https:\/\/pubeurope.com\/@fr\/114684513704163589","error":""},"_links":{"self":[{"href":"https:\/\/www.europesays.com\/fr\/wp-json\/wp\/v2\/posts\/177115","targetHints":{"allow":["GET"]}}],"collection":[{"href":"https:\/\/www.europesays.com\/fr\/wp-json\/wp\/v2\/posts"}],"about":[{"href":"https:\/\/www.europesays.com\/fr\/wp-json\/wp\/v2\/types\/post"}],"author":[{"embeddable":true,"href":"https:\/\/www.europesays.com\/fr\/wp-json\/wp\/v2\/users\/2"}],"replies":[{"embeddable":true,"href":"https:\/\/www.europesays.com\/fr\/wp-json\/wp\/v2\/comments?post=177115"}],"version-history":[{"count":0,"href":"https:\/\/www.europesays.com\/fr\/wp-json\/wp\/v2\/posts\/177115\/revisions"}],"wp:featuredmedia":[{"embeddable":true,"href":"https:\/\/www.europesays.com\/fr\/wp-json\/wp\/v2\/media\/177116"}],"wp:attachment":[{"href":"https:\/\/www.europesays.com\/fr\/wp-json\/wp\/v2\/media?parent=177115"}],"wp:term":[{"taxonomy":"category","embeddable":true,"href":"https:\/\/www.europesays.com\/fr\/wp-json\/wp\/v2\/categories?post=177115"},{"taxonomy":"post_tag","embeddable":true,"href":"https:\/\/www.europesays.com\/fr\/wp-json\/wp\/v2\/tags?post=177115"}],"curies":[{"name":"wp","href":"https:\/\/api.w.org\/{rel}","templated":true}]}}