{"id":177121,"date":"2025-06-15T00:21:23","date_gmt":"2025-06-15T00:21:23","guid":{"rendered":"https:\/\/www.europesays.com\/fr\/177121\/"},"modified":"2025-06-15T00:21:23","modified_gmt":"2025-06-15T00:21:23","slug":"alma-petra-une-residence-en-pierre-de-taille-a-gerland","status":"publish","type":"post","link":"https:\/\/www.europesays.com\/fr\/177121\/","title":{"rendered":"Alma Petra : une r\u00e9sidence en pierre de taille \u00e0 Gerland"},"content":{"rendered":"<p>Depuis plus de 10 ans, l\u2019op\u00e9ration de la ZAC des Girondins prend place dans le paysage du 7e arrondissement de Lyon. Le quartier a vu se poser la premi\u00e8re pierre d\u2019un nouveau programme immobilier. T pierre est vraiment le terme qui convient pour ce projet d\u00e9nom\u00e9 \u00ab\u00a0Alma Petra\u00a0\u00bb.<\/p>\n<p>145 <strong>logements<\/strong>, 425 m\u00b2 de <strong>commerces<\/strong>, et surtout, un choix audacieux : celui de b\u00e2tir avec de la <strong>pierre massive<\/strong>. Un mat\u00e9riau mill\u00e9naire remis au go\u00fbt du jour pour le projet <strong>Alma Petra<\/strong>.<\/p>\n<p>Alli\u00e9 au <strong>bois<\/strong>, il a pour but de b\u00e2tir autrement en \u00e9tant le plus <strong>\u00e9cologique<\/strong> possible. <strong>B\u00e9atrice Vessiller<\/strong>, Vice-pr\u00e9sidente de la <strong>M\u00e9tropole de Lyon<\/strong> en charge de l\u2019<strong>urbanisme<\/strong>, nous en parle : \u00ab L\u2019op\u00e9ration \u00ab\u00a0<strong>ZAC des Girondins<\/strong>\u00a0\u00bb a d\u00e9marr\u00e9 il y a d\u00e9j\u00e0 plusieurs ann\u00e9es. Nous voulions une r\u00e9orientation de cette <strong><a href=\"https:\/\/groupe-serl.fr\/groupe-serl\/lyon-7-le-programme-de-construction-des-logements-et-commerces-se-poursuit-sur-le-quartier-des-girondins\/\" target=\"_blank\" rel=\"noreferrer noopener nofollow\">op\u00e9ration d\u2019am\u00e9nagement<\/a><\/strong>. \u00c0 la fois avec plus de <strong>logements abordables<\/strong>, aussi plus de <strong>mat\u00e9riaux constructifs, biosourc\u00e9s ou g\u00e9osourc\u00e9s<\/strong>,<strong> bas carbone<\/strong>. Et puis une op\u00e9ration qui soit exemplaire en termes de la<strong> qualit\u00e9 d\u2019usage<\/strong> des futurs logements. Et avec ce projet <strong>Alma Petra<\/strong>, qui est enti\u00e8rement en <strong>pierre massive<\/strong>, c\u2019est une op\u00e9ration de <strong>145 logements<\/strong> et de quelques centaines de m\u00e8tres carr\u00e9s de <strong>commerces<\/strong>. Nous aurons l\u00e0 une construction tr\u00e8s importante en <strong>pierre massive.<\/strong> \u00bb<\/p>\n<p>Ecoutez le podcast<\/p>\n<p>Alma Petra<\/p>\n<p>Ecoutez aussi : <a href=\"https:\/\/www.lyondemain.fr\/rue-des-girondins-une-avenue-presque-sans-voitures\/\" target=\"_blank\" rel=\"noreferrer noopener nofollow\">Rue des Girondins : avenue (presque) sans voiture<\/a><\/p>\n<p><img fetchpriority=\"high\" decoding=\"async\" width=\"1200\" height=\"675\" src=\"https:\/\/www.europesays.com\/fr\/wp-content\/uploads\/2025\/06\/Alma-Petra-programme-immobilier-Gerland.jpg\" alt=\"Alma Petra\" class=\"wp-image-250005\"  \/><\/p>\n<p>Le plus grand projet d\u2019Europe en pierre de taille<\/p>\n<p>Men\u00e9 par la branche promotion immobili\u00e8re de <strong>GCC<\/strong>, le projet \u00ab\u00a0<strong>Alma Petra<\/strong>\u00a0\u00bb est le plus grand d\u2019Europe en termes d\u2019utilisation de <strong>pierre de taille<\/strong>. Une premi\u00e8re pour l\u2019entreprise, habitu\u00e9e au chantier en b\u00e9ton, mais qui a su s\u2019adapter. <strong>Corinne Bayssi\u00e9 Lamarque<\/strong>, directrice g\u00e9n\u00e9rale d\u00e9l\u00e9gu\u00e9e chez <strong><a href=\"https:\/\/edelis.com\/nos-programmes\/auvergne-rhone-alpes\/alma-petra\/?utm_campaign=siteEdelis&amp;utm_medium=seo&amp;utm_source=search\" target=\"_blank\" rel=\"noreferrer noopener nofollow\">EDELIS Groupe GCC<\/a><\/strong>, raconte comment travailler en <strong>pierre<\/strong>.<\/p>\n<p>\u00ab Le premier d\u00e9fi, c\u2019est d\u2019\u00eatre hyper rationnel. Parce que pour que \u00e7a rentre dans les prix standards, c\u2019est le m\u00eame prix que le b\u00e9ton grosso modo, il faut que la <strong>pierre<\/strong> soit utilis\u00e9e par rapport \u00e0 ses qualit\u00e9s m\u00e9caniques. Donc on a une <strong>architecture<\/strong> tr\u00e8s simple, tr\u00e8s propre, tr\u00e8s sobre. <strong>C\u2019est la pierre qui d\u00e9cide de ce qu\u2019on peut faire<\/strong>. \u00bb<\/p>\n<p>Au total, c\u2019est pr\u00e8s de 8 000 blocs de 6 pierres diff\u00e9rentes, qui seront int\u00e9gr\u00e9s \u00e0 l\u2019architecture con\u00e7ue par l\u2019<strong><a href=\"https:\/\/atelierperraudin.com\/travaux\/logements-collectifs-lyon\/\" target=\"_blank\" rel=\"noreferrer noopener nofollow\">Atelier Perraudin<\/a><\/strong>, laur\u00e9at du <strong>Grand Prix national de l\u2019architecture 2024<\/strong>. <strong>Jean-Manuel Perraudin<\/strong>, l\u2019architecte du projet, revient sur le travail de la <strong>pierre<\/strong> : \u00ab Un projet en pierre \u00e7a se dessine en pierre d\u00e9j\u00e0, \u00e7a se con\u00e7oit en pierre. Vous ne pouvez pas dire demain, je vais faire mon projet en pierre, alors que vous l\u2019avez dessin\u00e9 en bois ou en b\u00e9ton. C\u2019est une posture d\u2019entr\u00e9e dans l\u2019\u00e9criture du projet, dans sa globalit\u00e9. C\u2019est un chantier qui est enti\u00e8rement <strong>pr\u00e9fabriqu\u00e9<\/strong>. Tous les blocs qui arrivent sont pr\u00e9-taill\u00e9s en carri\u00e8re. Il y a une m\u00e9canique de chantier, d\u2019approvisionnement et de pose qui est bien particuli\u00e8re, qu\u2019il faut savoir ma\u00eetriser. \u00bb\u00a0<\/p>\n<p>Ecoutez aussi : <a href=\"https:\/\/www.lyondemain.fr\/lyon-brickwall-zac-girondins-gerland-nouveau-quartier-serl-dcb-international-commerces-bureaux-residence-seniors-amenagement\/\" target=\"_blank\" rel=\"noreferrer noopener nofollow\">BrickWall : une nouvelle brique pour la ZAC Girondins<\/a><\/p>\n<p><img loading=\"lazy\" decoding=\"async\" width=\"1200\" height=\"675\" src=\"https:\/\/www.europesays.com\/fr\/wp-content\/uploads\/2025\/06\/Alma-Petra-construction-en-pierre.jpg\" alt=\"construction en pierre\" class=\"wp-image-250002\"  \/><\/p>\n<p>Les avantages environnementaux de la pierre<\/p>\n<p>Et cette mati\u00e8re offre aussi des a<strong>vantages environnementaux majeurs<\/strong>. \u00c0 la cl\u00e9 : une r\u00e9duction de plus de 60 \u00e0 75 % des <strong>\u00e9missions de CO2<\/strong> par rapport au b\u00e9ton. 80 % de gain sur le <strong>confort d\u2019\u00e9t\u00e9<\/strong>\u2026 Et une <strong>\u00e9conomie d\u2019eau<\/strong> \u00e9quivalente \u00e0 187 piscines olympiques.<\/p>\n<p>Mais <strong>Alma Petra<\/strong> ne s\u2019arr\u00eate pas \u00e0 sa structure. L\u2019<strong>habitat<\/strong> a \u00e9t\u00e9 pens\u00e9 dans sa globalit\u00e9 : <strong>appartements traversants<\/strong> pour favoriser la ventilation naturelle, <strong>coursives en bois<\/strong> ouvertes sur un<strong> jardin communautaire<\/strong>\u2026 <strong>Toitures v\u00e9g\u00e9talis\u00e9es<\/strong>, et <strong>potagers partag\u00e9s<\/strong>. <strong>Jean-Manuel Perraudin<\/strong> explique.<\/p>\n<p>\u00ab\u00a0Ce projet a \u00e9t\u00e9 pens\u00e9 comme on les pense tous au sein de l\u2019agence. C\u2019est-\u00e0-dire le <strong>projet le plus \u00e9cologique<\/strong>, <strong>le plus p\u00e9renne<\/strong> possible pour ses futurs habitants, tout en restant dans un <strong>processus soutenable<\/strong>\u2026 C\u2019est-\u00e0-dire un projet qui soit <strong>accessible pour tous<\/strong>. \u00bb<\/p>\n<p>Ecoutez aussi : <a href=\"https:\/\/www.lyondemain.fr\/arbres-centenaires-place-vaclav-havel-lyon\/\" target=\"_blank\" rel=\"noreferrer noopener nofollow\">La place Vaclav Havel et ses futurs arbres centenaires\u2026<\/a><\/p>\n<p><img loading=\"lazy\" decoding=\"async\" width=\"1200\" height=\"675\" src=\"https:\/\/www.europesays.com\/fr\/wp-content\/uploads\/2025\/06\/Alma-Petra-premiere-pierre.jpg\" alt=\"Alma Petra\" class=\"wp-image-250003\"  \/><\/p>\n<p>Un programme immobilier de bonne facture mais aussi inclusif<\/p>\n<p>En termes de mixit\u00e9, le programme \u00ab\u00a0<strong>Alma Petra<\/strong>\u00a0\u00bb se veut <strong>inclusif<\/strong> : <strong>40 logements sociaux<\/strong>, <strong>21 en locatif interm\u00e9diaire<\/strong>. Mais aussi, 34 en <strong>accession \u00e0 la propri\u00e9t\u00e9<\/strong> via le <strong>Bail R\u00e9el Solidaire<\/strong>. Un mod\u00e8le inscrit dans le tissu local, en partenariat avec <strong><a href=\"https:\/\/www.lmhabitat.fr\/home.html#\" target=\"_blank\" rel=\"noreferrer noopener nofollow\">Lyon M\u00e9tropole Habitat<\/a><\/strong> et la <strong><a href=\"https:\/\/www.linkedin.com\/company\/la-fonci%C3%A8re-solidaire-du-grand-lyon\/about\/\" target=\"_blank\" rel=\"noreferrer noopener nofollow\">Fonci\u00e8re Solidaire du Grand Lyon<\/a><\/strong>.<\/p>\n<p>Avec une livraison pr\u00e9vue pour fin 2026, <strong>Alma Petra<\/strong> est bien plus qu\u2019un chantier. C\u2019est aussi un manifeste, une vision concr\u00e8te de ce que pourrait \u00eatre l\u2019<strong>habitat de demain<\/strong> : \u00e9cologie, durabilit\u00e9, esth\u00e9tique, et bien vivre ensemble.<\/p>\n<p>Ecoutez aussi : <a href=\"https:\/\/www.lyondemain.fr\/coworking-inclusif-le-r-gerland\/\" target=\"_blank\" rel=\"noreferrer noopener nofollow\">Le coworking inclusif Le R a trouv\u00e9 sa place \u00e0 Gerland<\/a><\/p>\n<p><img loading=\"lazy\" decoding=\"async\" width=\"1200\" height=\"675\" src=\"https:\/\/www.europesays.com\/fr\/wp-content\/uploads\/2025\/06\/Alma-Petra-taille-de-pierre.jpg\" alt=\"taille de pierre\" class=\"wp-image-250004\"  \/><br \/>\nJ\u2019aime \u00e7a\u00a0:<\/p>\n<p>J\u2019aime chargement\u2026<\/p>\n<p><a class=\"sd-link-color\"\/><\/p>\n<p>\n\tArticles similaires\n<\/p>\n<p>\t\t\t\t<img decoding=\"async\" src=\"https:\/\/www.europesays.com\/fr\/wp-content\/uploads\/2025\/06\/1749946883_646_7866158698e17e8ed633c05e8f8e7fe5d9e057ad78661c4dc34e413abb6b9f19\" alt=\"G\u00e9rald Bouchon\"\/><\/p>\n<p>Pionnier des radios libres, passionn\u00e9 de radio, journaliste et dirigeant de m\u00e9dias \u00e9co-responsables..<\/p>\n","protected":false},"excerpt":{"rendered":"Depuis plus de 10 ans, l\u2019op\u00e9ration de la ZAC des Girondins prend place dans le paysage du 7e&hellip;\n","protected":false},"author":2,"featured_media":177122,"comment_status":"","ping_status":"","sticky":false,"template":"","format":"standard","meta":{"footnotes":""},"categories":[1889],"tags":[1111,11,31324,2430,31325,31326,7227,1777,674,31327,1011,27,5303,1908,31328,2428,12,31329,11850,25,1352,10792,31330],"class_list":{"0":"post-177121","1":"post","2":"type-post","3":"status-publish","4":"format-standard","5":"has-post-thumbnail","7":"category-lyon","8":"tag-actu","9":"tag-actualites","10":"tag-architecte","11":"tag-auvergne-rhone-alpes","12":"tag-bail-reel-solidaire","13":"tag-beatrice-vessiller","14":"tag-commerces","15":"tag-eu","16":"tag-europe","17":"tag-fonciere-solidaire-de-grand-lyon","18":"tag-fr","19":"tag-france","20":"tag-gerland","21":"tag-logement","22":"tag-logement-abordable","23":"tag-lyon","24":"tag-news","25":"tag-perraudin","26":"tag-pierre","27":"tag-republique-francaise","28":"tag-urbanisme","29":"tag-vegetalisation","30":"tag-zac-des-girondins"},"share_on_mastodon":{"url":"https:\/\/pubeurope.com\/@fr\/114684525642373475","error":""},"_links":{"self":[{"href":"https:\/\/www.europesays.com\/fr\/wp-json\/wp\/v2\/posts\/177121","targetHints":{"allow":["GET"]}}],"collection":[{"href":"https:\/\/www.europesays.com\/fr\/wp-json\/wp\/v2\/posts"}],"about":[{"href":"https:\/\/www.europesays.com\/fr\/wp-json\/wp\/v2\/types\/post"}],"author":[{"embeddable":true,"href":"https:\/\/www.europesays.com\/fr\/wp-json\/wp\/v2\/users\/2"}],"replies":[{"embeddable":true,"href":"https:\/\/www.europesays.com\/fr\/wp-json\/wp\/v2\/comments?post=177121"}],"version-history":[{"count":0,"href":"https:\/\/www.europesays.com\/fr\/wp-json\/wp\/v2\/posts\/177121\/revisions"}],"wp:featuredmedia":[{"embeddable":true,"href":"https:\/\/www.europesays.com\/fr\/wp-json\/wp\/v2\/media\/177122"}],"wp:attachment":[{"href":"https:\/\/www.europesays.com\/fr\/wp-json\/wp\/v2\/media?parent=177121"}],"wp:term":[{"taxonomy":"category","embeddable":true,"href":"https:\/\/www.europesays.com\/fr\/wp-json\/wp\/v2\/categories?post=177121"},{"taxonomy":"post_tag","embeddable":true,"href":"https:\/\/www.europesays.com\/fr\/wp-json\/wp\/v2\/tags?post=177121"}],"curies":[{"name":"wp","href":"https:\/\/api.w.org\/{rel}","templated":true}]}}