{"id":177125,"date":"2025-06-15T00:25:14","date_gmt":"2025-06-15T00:25:14","guid":{"rendered":"https:\/\/www.europesays.com\/fr\/177125\/"},"modified":"2025-06-15T00:25:14","modified_gmt":"2025-06-15T00:25:14","slug":"apres-marie-antoinette-katoto-une-autre-attaquante-quitte-le-psg","status":"publish","type":"post","link":"https:\/\/www.europesays.com\/fr\/177125\/","title":{"rendered":"Apr\u00e8s Marie Antoinette Katoto, une autre attaquante quitte le PSG.."},"content":{"rendered":"<p><strong>Le mercato estival 2025 continue d&rsquo;offrir des surprises de taille dans le football f\u00e9minin fran\u00e7ais avec l&rsquo;annonce du transfert de Manssita Aissatou Traor\u00e9, jeune attaquante de 21 ans, du Paris Saint-Germain (PSG) vers le Racing Club de Strasbourg F\u00e9minin.<\/strong><\/p>\n<p>Le d\u00e9part de la jeune attaquante parisienne vers le RC Strasbourg semble motiv\u00e9 par la volont\u00e9 de Traor\u00e9 d&rsquo;obtenir un temps de jeu plus r\u00e9gulier pour poursuivre sa progression. \u00c0 21 ans, elle est \u00e0 un tournant de sa carri\u00e8re o\u00f9 les minutes sur le terrain sont importantes pour affiner son style de jeu et confirmer son potentiel.<\/p>\n<p><strong>Pourquoi Strasbourg ?<\/strong><\/p>\n<p>Le Racing Club de Strasbourg F\u00e9minin, est un club en pleine reconstruction et ambitionne de s&rsquo;installer durablement parmi l&rsquo;\u00e9lite du football f\u00e9minin fran\u00e7ais. Apr\u00e8s une saison 2024\/2025 marqu\u00e9e par beaucoup de difficult\u00e9s, le club alsacien cherche \u00e0 renforcer son effectif avec des joueuses jeunes et talentueuses capables d&rsquo;apporter du dynamisme \u00e0 l&rsquo;\u00e9quipe. L&rsquo;arriv\u00e9e de Traor\u00e9 s&rsquo;inscrit parfaitement dans cette strat\u00e9gie.<\/p>\n<p><strong>Quel impact pour le Racing F\u00e9minin ?<\/strong><\/p>\n<p>Manssita Traor\u00e9, d\u00e9crite comme une attaquante rapide et technique, devrait apporter une nouvelle dimension \u00e0 l&rsquo;attaque strasbourgeoise. Mesurant 163 cm, elle compense sa taille modeste par une explosivit\u00e9 et une capacit\u00e9 \u00e0 se d\u00e9marquer dans les duels. Ses statistiques, bien que modestes au PSG, t\u00e9moignent d&rsquo;un potentiel encore inexploit\u00e9. \u00c0 Strasbourg, elle pourrait devenir une pi\u00e8ce ma\u00eetresse de l&rsquo;animation offensive, surtout si le club parvient \u00e0 l&rsquo;entourer de joueuses compl\u00e9mentaires.<\/p>\n<p>Ce transfert pourrait \u00e9galement avoir un effet positif sur l&rsquo;attractivit\u00e9 du club. En retour,\u00a0Traor\u00e9 devra confirmer sur le terrain les attentes plac\u00e9es en elle. Apr\u00e8s des saisons avec un temps de jeu limit\u00e9, elle aura la pression de performer rapidement pour justifier ce transfert.<\/p>\n<p>\u00a0<\/p>\n<p>\u00a0 \u00a0 \u00a0 \u00a0 \u00a0 \u00a0 \u00a0 \u00a0 Kossigan AGAMAKOU\u00a0<\/p>\n<p>                                                                            (function(d, s, id) {<br \/>\n            var js, fjs = d.getElementsByTagName(s)[0];<br \/>\n            if (d.getElementById(id)) return;<br \/>\n            js = d.createElement(s); js.id = id;<br \/>\n            js.src = \u00ab\u00a0\/\/connect.facebook.net\/fr_FR\/sdk.js#xfbml=1&#038;version=v2.8\u00a0\u00bb;<br \/>\n            fjs.parentNode.insertBefore(js, fjs);<br \/>\n        }(document, &lsquo;script&rsquo;, &lsquo;facebook-jssdk&rsquo;));<\/p>\n","protected":false},"excerpt":{"rendered":"Le mercato estival 2025 continue d&rsquo;offrir des surprises de taille dans le football f\u00e9minin fran\u00e7ais avec l&rsquo;annonce du&hellip;\n","protected":false},"author":2,"featured_media":177126,"comment_status":"","ping_status":"","sticky":false,"template":"","format":"standard","meta":{"footnotes":""},"categories":[1888],"tags":[1111,1928,11,1927,1777,674,1011,27,31331,12,1926,626,1925,92,13534,93,4448,25],"class_list":{"0":"post-177125","1":"post","2":"type-post","3":"status-publish","4":"format-standard","5":"has-post-thumbnail","7":"category-paris","8":"tag-actu","9":"tag-actu-paris","10":"tag-actualites","11":"tag-actualites-paris","12":"tag-eu","13":"tag-europe","14":"tag-fr","15":"tag-france","16":"tag-manssita-traore-traore","17":"tag-news","18":"tag-news-paris","19":"tag-paris","20":"tag-paris-news","21":"tag-paris-sg","22":"tag-premiere-ligue-arkema","23":"tag-psg","24":"tag-rc-strasbourg","25":"tag-republique-francaise"},"share_on_mastodon":{"url":"https:\/\/pubeurope.com\/@fr\/114684541211049781","error":""},"_links":{"self":[{"href":"https:\/\/www.europesays.com\/fr\/wp-json\/wp\/v2\/posts\/177125","targetHints":{"allow":["GET"]}}],"collection":[{"href":"https:\/\/www.europesays.com\/fr\/wp-json\/wp\/v2\/posts"}],"about":[{"href":"https:\/\/www.europesays.com\/fr\/wp-json\/wp\/v2\/types\/post"}],"author":[{"embeddable":true,"href":"https:\/\/www.europesays.com\/fr\/wp-json\/wp\/v2\/users\/2"}],"replies":[{"embeddable":true,"href":"https:\/\/www.europesays.com\/fr\/wp-json\/wp\/v2\/comments?post=177125"}],"version-history":[{"count":0,"href":"https:\/\/www.europesays.com\/fr\/wp-json\/wp\/v2\/posts\/177125\/revisions"}],"wp:featuredmedia":[{"embeddable":true,"href":"https:\/\/www.europesays.com\/fr\/wp-json\/wp\/v2\/media\/177126"}],"wp:attachment":[{"href":"https:\/\/www.europesays.com\/fr\/wp-json\/wp\/v2\/media?parent=177125"}],"wp:term":[{"taxonomy":"category","embeddable":true,"href":"https:\/\/www.europesays.com\/fr\/wp-json\/wp\/v2\/categories?post=177125"},{"taxonomy":"post_tag","embeddable":true,"href":"https:\/\/www.europesays.com\/fr\/wp-json\/wp\/v2\/tags?post=177125"}],"curies":[{"name":"wp","href":"https:\/\/api.w.org\/{rel}","templated":true}]}}