{"id":177127,"date":"2025-06-15T00:26:09","date_gmt":"2025-06-15T00:26:09","guid":{"rendered":"https:\/\/www.europesays.com\/fr\/177127\/"},"modified":"2025-06-15T00:26:09","modified_gmt":"2025-06-15T00:26:09","slug":"michel-polnareff-a-laccor-arena-jaimerais-faire-lamour-avec-vous-tous-mais-ca-prendrait-du-temps","status":"publish","type":"post","link":"https:\/\/www.europesays.com\/fr\/177127\/","title":{"rendered":"Michel Polnareff \u00e0 l\u2019Accor Arena\u00a0: \u00ab\u00a0J\u2019aimerais faire l\u2019amour avec vous tous, mais \u00e7a prendrait du temps\u00a0\u00bb"},"content":{"rendered":"<p class=\"paragraph text_align_left\">Derni\u00e8re tourn\u00e9e, dernier concert parisien ? Michel Polnareff n\u2019a cess\u00e9 de r\u00e9p\u00e9ter que non ce samedi soir \u00e0 l\u2019Accor Arena. Une \u00e9tape dans la capitale pour le chanteur de 80 ans, dans le cadre de sa nouvelle vir\u00e9e d\u00e9marr\u00e9e, \u00e0 Londres, en avril dernier et produite par D\u00e9cibels Prod, aussi derri\u00e8re les tourn\u00e9es de Soprano, Ninho, Kendji ou encore la nouvelle version de la com\u00e9die musicale du \u00ab Roi Soleil \u00bb.<\/p>\n<p class=\"paragraph text_align_left\">Mais \u00ab Polna \u00bb allait-il \u00eatre \u00e0 la hauteur du rendez-vous ? On se souvient que lors de sa pr\u00e9c\u00e9dente tourn\u00e9e, <a href=\"https:\/\/www.leparisien.fr\/culture-loisirs\/musique\/on-a-eu-droit-aux-essais-a-nice-michel-polnareff-repart-pour-un-tour-devant-un-public-mitige-25-05-2023-FIZTTCIZJRCEHNJGHO2A7K77DU.php\" rel=\"nofollow noopener\" target=\"_blank\">la toute premi\u00e8re date \u00e0 Nice avait \u00e9t\u00e9 calamiteuse<\/a>\u2026<\/p>\n<p class=\"paragraph text_align_left\">Son nouvel album \u00ab Un temps pour elles \u00bb, est sorti le 25 avril, et il occupe actuellement le rang 86 au top des ventes. Et pour le concert parisien, si les plus mordus de ses \u00ab moussaillons \u00bb, le surnom de ses fans, ont r\u00e9pondu pr\u00e9sent, la salle de Bercy est loin d\u2019afficher complet. De grandes b\u00e2ches noires cachent le haut des gradins, et les si\u00e8ges dispos\u00e9s dans la fosse ne la remplissent pas compl\u00e8tement, m\u00eame si, selon la production, la jauge de la soir\u00e9e se monte \u00e0 13 000 places. Dans les all\u00e9es, l\u2019ambiance n\u2019est pas vraiment au rendez-vous, sans boutique officielle, except\u00e9 une au rez-de-chauss\u00e9e. <\/p>\n<p>Blouson et chapeau de cow-boy argent\u00e9s<\/p>\n<p class=\"paragraph text_align_left\">Mais pas de quoi d\u00e9courager nombre de fans venus d\u00e9guis\u00e9s \u00e0 l\u2019image de leur idole, perruque sur la t\u00eate et lunettes de soleil blanches. Une couleur \u00e9galement arbor\u00e9e par une grande partie du public, et pas seulement \u00e0 cause de leurs cheveux\u2026<\/p>\n<p class=\"paragraph text_align_left\">Il est 20h48, lorsque Polnareff appara\u00eet en milieu de sc\u00e8ne, entour\u00e9 de neuf musiciens, pour d\u00e9marrer le show avec \u00ab Le Bal Des Laze \u00bb. Son look est le m\u00eame que toujours : blouson et chapeau de cow-boy argent\u00e9s. La voix est tremblante, et pas exempte de fausses notes. \u00ab Bonsoir Paris, bienvenue \u00e0 ma derri\u00e8re tourn\u00e9e et pas ma derni\u00e8re tourn\u00e9e \u00bb, l\u00e2che-t-il derri\u00e8re son piano \u00e0 queue noir, avant de poursuivre sur \u00ab Tam Tam \u00bb.<\/p>\n<p class=\"paragraph text_align_left\">Apr\u00e8s avoir remerci\u00e9 ses fans et refait son jeu de mots, \u00ab on fait une tr\u00e8s belle derri\u00e8re tourn\u00e9e et pas derni\u00e8re \u00bb, il encha\u00eene avec \u00ab La Poup\u00e9e Qui Fait Non \u00bb, tandis que son public agite les mains pour lui aussi dire \u00ab non non non \u00bb. Sur \u00ab L\u2019amour Avec Toi \u00bb, il s\u2019emballe, \u00ab j\u2019aimerais faire l\u2019amour avec vous tous, mais \u00e7a prendrait du temps \u00bb, avant de nouveau r\u00e9p\u00e9ter \u00ab bienvenue \u00e0 ma derri\u00e8re tourn\u00e9e et pas \u00e0 ma derni\u00e8re \u00bb\u2026<\/p>\n<p>\u00ab Michel, Michel \u00bb<\/p>\n<p class=\"paragraph text_align_left\">Les tubes s\u2019encha\u00eenent, le groupe assure, mais chaque chanson a droit \u00e0 son \u00ab pain \u00bb. Polnareff joue tr\u00e8s peu au piano (il n\u2019utilise que la main droite), voire m\u00eame pas du tout comme sur \u00ab Tu N\u2019M\u2019Entends Pas \u00bb, laissant une main sur son micro et l\u2019autre sur l\u2019instrument. La foule l\u2019acclame pourtant \u00ab Michel, Michel \u00bb. \u00ab Il reste assis car il est fatigu\u00e9, il ne joue pas beaucoup mais bon, il a 80 ans quand m\u00eame \u00bb, commente Sophie, une fan de vari\u00e9t\u00e9 fran\u00e7aise. \u00ab C\u2019est peut-\u00eatre la tourn\u00e9e de trop, mais les gens sont contents de le voir quand m\u00eame \u00bb.<\/p>\n<p class=\"paragraph text_align_left\">\u00c0 21h34, le temps se suspend pourtant. Dans une version a cappella, puis en piano voix (celle fois, il joue vraiment), l\u2019artiste se lance dans une \u00ab Lettre A France \u00bb de haute vol\u00e9e. Comme une fulgurance, le moment \u00e9meut tous ses choristes, comme il appelle ses spectateurs qui reprennent cette balade en ch\u0153ur. Et ces quelques minutes rappellent l\u2019importance de ce morceau, monument de la chanson fran\u00e7aise.<\/p>\n<p class=\"paragraph text_align_left\">\u00ab J\u2019ai lu des critiques qui disaient que je ne jouais que tr\u00e8s peu du piano et que j\u2019utilisais pas la main gauche, raconte-t-il. Au d\u00e9but, j\u2019ai cru que c\u2019\u00e9tait un truc sexuel, blague-t-il. Alors, j\u2019ai pris le pari de faire danser toute une salle avec seulement ma main droite \u00bb. L\u2019audience rigole de son irr\u00e9v\u00e9rence, sa marque de fabrique. Et lui de balancer des airs compos\u00e9s d\u2019accords avec une seule main, petit pied de nez \u00e0 ses d\u00e9tracteurs. Avant d\u2019enfoncer le clou en reprenant \u00ab Love Me, Please Love Me \u00bb, \u00ab Tout, Tout Pour Ma Ch\u00e9rie \u00bb. Certains spectateurs quittent la salle, d\u2019autres filment\u2026<\/p>\n<p>\u00ab M\u00eame si je ne le dis pas, je pense \u00e0 vous tout bas\u2026 Merci Paris ! \u00bb<\/p>\n<p class=\"paragraph text_align_left\">Apr\u00e8s de longs remerciements \u00e0 toute son \u00e9quipe, Polnareff attaque \u00ab On Ira Tous Au Paradis \u00bb alors que les paroles d\u00e9filent sur le fond de l\u2019\u00e9cran pour alimenter le karaok\u00e9 g\u00e9ant. L\u2019ambiance nostalgie marche \u00e0 plein. Sur \u00ab Goodbye Marylou \u00bb, c\u2019est le public qui reprend le refrain qu\u2019il ne peut plus chanter \u00e0 cause de ses volutes aigu\u00ebs d\u00e9sormais hors de port\u00e9e pour lui, mais la force de la chanson joue \u00e0 plein. Apr\u00e8s un solo de piano, il reprend une deuxi\u00e8me fois \u00ab Lettre A France \u00bb avec l\u2019ensemble de ses musiciens cette fois.<\/p>\n<p class=\"paragraph text_align_left\">Et change les paroles pour l\u2019occasion en d\u00e9clarant \u00ab \u00ab m\u00eame si je ne le dis pas, je pense \u00e0 vous tout bas\u2026 Merci Paris ! \u00bb Un \u00e9cran le cache enfin derri\u00e8re l\u2019inscription \u00ab la derni\u00e8re \u00bb au terme d\u2019un show d\u2019environ une heure et demie, avant que l\u2019Amiral ne mette les voiles sur sa prochaine destination\u2026<\/p>\n","protected":false},"excerpt":{"rendered":"Derni\u00e8re tourn\u00e9e, dernier concert parisien ? Michel Polnareff n\u2019a cess\u00e9 de r\u00e9p\u00e9ter que non ce samedi soir \u00e0&hellip;\n","protected":false},"author":2,"featured_media":177128,"comment_status":"","ping_status":"","sticky":false,"template":"","format":"standard","meta":{"footnotes":""},"categories":[1888],"tags":[11,872,1777,674,1011,27,873,12,626,25],"class_list":{"0":"post-177127","1":"post","2":"type-post","3":"status-publish","4":"format-standard","5":"has-post-thumbnail","7":"category-paris","8":"tag-actualites","9":"tag-culture-et-loisirs","10":"tag-eu","11":"tag-europe","12":"tag-fr","13":"tag-france","14":"tag-musique","15":"tag-news","16":"tag-paris","17":"tag-republique-francaise"},"share_on_mastodon":{"url":"https:\/\/pubeurope.com\/@fr\/114684545124228739","error":""},"_links":{"self":[{"href":"https:\/\/www.europesays.com\/fr\/wp-json\/wp\/v2\/posts\/177127","targetHints":{"allow":["GET"]}}],"collection":[{"href":"https:\/\/www.europesays.com\/fr\/wp-json\/wp\/v2\/posts"}],"about":[{"href":"https:\/\/www.europesays.com\/fr\/wp-json\/wp\/v2\/types\/post"}],"author":[{"embeddable":true,"href":"https:\/\/www.europesays.com\/fr\/wp-json\/wp\/v2\/users\/2"}],"replies":[{"embeddable":true,"href":"https:\/\/www.europesays.com\/fr\/wp-json\/wp\/v2\/comments?post=177127"}],"version-history":[{"count":0,"href":"https:\/\/www.europesays.com\/fr\/wp-json\/wp\/v2\/posts\/177127\/revisions"}],"wp:featuredmedia":[{"embeddable":true,"href":"https:\/\/www.europesays.com\/fr\/wp-json\/wp\/v2\/media\/177128"}],"wp:attachment":[{"href":"https:\/\/www.europesays.com\/fr\/wp-json\/wp\/v2\/media?parent=177127"}],"wp:term":[{"taxonomy":"category","embeddable":true,"href":"https:\/\/www.europesays.com\/fr\/wp-json\/wp\/v2\/categories?post=177127"},{"taxonomy":"post_tag","embeddable":true,"href":"https:\/\/www.europesays.com\/fr\/wp-json\/wp\/v2\/tags?post=177127"}],"curies":[{"name":"wp","href":"https:\/\/api.w.org\/{rel}","templated":true}]}}