{"id":177129,"date":"2025-06-15T00:27:09","date_gmt":"2025-06-15T00:27:09","guid":{"rendered":"https:\/\/www.europesays.com\/fr\/177129\/"},"modified":"2025-06-15T00:27:09","modified_gmt":"2025-06-15T00:27:09","slug":"previsions-du-dimanche-15-juin-2025-8","status":"publish","type":"post","link":"https:\/\/www.europesays.com\/fr\/177129\/","title":{"rendered":"pr\u00e9visions du dimanche 15 juin 2025"},"content":{"rendered":"<p>Le ciel de Paris sera assez lumineux, avec quelques \u00e9claircies aujourd&rsquo;hui. Les valeurs afficheront entre 15 et 23\u00b0C. Un vent de nord-ouest soufflera l\u00e9g\u00e8rement, avec 12 km\/h. Il fera environ 19\u00b0C, le matin. Les temp\u00e9ratures vont monter pendant l&rsquo;apr\u00e8s-midi de quelques degr\u00e9s. Les valeurs s&rsquo;\u00e9chelonneront entre 22 et 23\u00b0C. Les valeurs seront de 19\u00b0C au cours de la soir\u00e9e. Le passage de dimanche \u00e0 lundi se fera sous un ciel clair.<\/p>\n<p>Demain, les temp\u00e9ratures seront comprises entre 12 et 25\u00b0C \u00e0 Paris. Un bel ensoleillement est pr\u00e9vu le matin. On pr\u00e9voit des valeurs avoisinant 19\u00b0C. Un vent de nord-ouest rafra\u00eechira quelque peu l&rsquo;atmosph\u00e8re. La m\u00e9t\u00e9o devrait s&rsquo;am\u00e9liorer durant l&rsquo;apr\u00e8s-midi. L&rsquo;air ambiant va se r\u00e9chauffer avec une augmentation de plusieurs degr\u00e9s. Les temp\u00e9ratures seront de 23\u00b0C au minimum et de 25\u00b0C au plus haut. Dans la soir\u00e9e, les temp\u00e9ratures tourneront autour des 21\u00b0C. Un vent de nord-est soufflera doucement.<\/p>\n<p>Les jours s&rsquo;encha\u00eenent et ne changent pas. Des temp\u00e9ratures dans les 22\u00b0C iront de pair avec un ciel ensoleill\u00e9.<\/p>\n<p><\/p>\n","protected":false},"excerpt":{"rendered":"Le ciel de Paris sera assez lumineux, avec quelques \u00e9claircies aujourd&rsquo;hui. Les valeurs afficheront entre 15 et 23\u00b0C.&hellip;\n","protected":false},"author":2,"featured_media":177130,"comment_status":"","ping_status":"","sticky":false,"template":"","format":"standard","meta":{"footnotes":""},"categories":[1888],"tags":[11,1777,674,1011,27,662,12,626,2119,25],"class_list":{"0":"post-177129","1":"post","2":"type-post","3":"status-publish","4":"format-standard","5":"has-post-thumbnail","7":"category-paris","8":"tag-actualites","9":"tag-eu","10":"tag-europe","11":"tag-fr","12":"tag-france","13":"tag-ile-de-france","14":"tag-news","15":"tag-paris","16":"tag-previsions-meteo","17":"tag-republique-francaise"},"share_on_mastodon":{"url":"https:\/\/pubeurope.com\/@fr\/114684549124507247","error":""},"_links":{"self":[{"href":"https:\/\/www.europesays.com\/fr\/wp-json\/wp\/v2\/posts\/177129","targetHints":{"allow":["GET"]}}],"collection":[{"href":"https:\/\/www.europesays.com\/fr\/wp-json\/wp\/v2\/posts"}],"about":[{"href":"https:\/\/www.europesays.com\/fr\/wp-json\/wp\/v2\/types\/post"}],"author":[{"embeddable":true,"href":"https:\/\/www.europesays.com\/fr\/wp-json\/wp\/v2\/users\/2"}],"replies":[{"embeddable":true,"href":"https:\/\/www.europesays.com\/fr\/wp-json\/wp\/v2\/comments?post=177129"}],"version-history":[{"count":0,"href":"https:\/\/www.europesays.com\/fr\/wp-json\/wp\/v2\/posts\/177129\/revisions"}],"wp:featuredmedia":[{"embeddable":true,"href":"https:\/\/www.europesays.com\/fr\/wp-json\/wp\/v2\/media\/177130"}],"wp:attachment":[{"href":"https:\/\/www.europesays.com\/fr\/wp-json\/wp\/v2\/media?parent=177129"}],"wp:term":[{"taxonomy":"category","embeddable":true,"href":"https:\/\/www.europesays.com\/fr\/wp-json\/wp\/v2\/categories?post=177129"},{"taxonomy":"post_tag","embeddable":true,"href":"https:\/\/www.europesays.com\/fr\/wp-json\/wp\/v2\/tags?post=177129"}],"curies":[{"name":"wp","href":"https:\/\/api.w.org\/{rel}","templated":true}]}}