{"id":17713,"date":"2025-04-11T16:19:07","date_gmt":"2025-04-11T16:19:07","guid":{"rendered":"https:\/\/www.europesays.com\/fr\/17713\/"},"modified":"2025-04-11T16:19:07","modified_gmt":"2025-04-11T16:19:07","slug":"un-gala-de-sport-de-combat-interdit-sur-ordre-de-la-prefecture-a-montreuil","status":"publish","type":"post","link":"https:\/\/www.europesays.com\/fr\/17713\/","title":{"rendered":"Un gala de sport de combat interdit sur ordre de la pr\u00e9fecture \u00e0 Montreuil"},"content":{"rendered":"<p>            Par<br \/>\n        <strong><br \/>\n            <a href=\"https:\/\/actu.fr\/auteur\/redaction-paris\" title=\"Consulter tous les articles de R\u00e9daction Paris\" target=\"_blank\" rel=\"noopener\">R\u00e9daction Paris<\/a><br \/>\n        <\/strong><\/p>\n<p>        Publi\u00e9 le<\/p>\n<p>            11 avr. 2025 \u00e0 18h00        <\/p>\n<p>L\u2019\u00e9v\u00e9nement \u00ab\u00a0Rixe Club X : La Guerre des \u00c9toiles\u00a0\u00bb, pr\u00e9vu de 19 \u00e0 2 heures 30 du matin, vendredi 11 avril 2025, dans la salle <strong>La Marbrerie<\/strong>, \u00e0 Montreuil, est finalement annul\u00e9 sur d\u00e9cision de la pr\u00e9fecture de la Seine-Saint-Denis. Sur <a href=\"https:\/\/lamarbrerie.fr\/rixe-club-x-guerre-des-etoiles\/\" target=\"_blank\" rel=\"noopener\">son site<\/a>, le lieu assure que \u00ab\u00a0les <strong>remboursements des places<\/strong> seront effectifs dans le courant de la semaine prochaine.\u00a0\u00bb<\/p>\n<p>Plusieurs \u00e9v\u00e9nements organis\u00e9s \u00ab\u00a0sans d\u00e9claration pr\u00e9alables, ni autorisations\u00a0\u00bb<\/p>\n<p class=\" wall-content\">Uppercut pour le gala de sport de combat, organis\u00e9 par l\u2019association Rixe Club, qui promeut \u00ab\u00a0de jeunes boxeurs et artistes en d\u00e9veloppement\u00a0\u00bb franciliens.<\/p>\n<p class=\" wall-content\">L\u2019\u00e9v\u00e9nement, qui devait se tenir dans la soir\u00e9e et <strong>pr\u00e9voyait plusieurs combats de boxe<\/strong>, ainsi qu\u2019un DJ set, n\u2019aura pas lieu.<\/p>\n<p class=\" wall-content\"><a href=\"https:\/\/www.instagram.com\/p\/DITsDcftv0v\/embed\" title=\"Ouvrir le lien sur Instagram\" target=\"_blank\" rel=\"noopener\">Visualiser le contenu sur Instagram<\/a><\/p>\n<p class=\" wall-content\">Un <a href=\"https:\/\/www.seine-saint-denis.gouv.fr\/contenu\/telechargement\/27125\/217495\/file\/recueil-93-2025-04-10-recueil-des-actes-administratifs-Sp%C3%A9cial%20DSSC.pdf\" target=\"_blank\" rel=\"noopener\">arr\u00eat pr\u00e9fectoral<\/a>, mentionnant <strong>divers manquements <\/strong>aux r\u00e8gles \u00e9dict\u00e9es pour la tenue de tels \u00e9v\u00e8nements, et jugeant que l\u2019association a organis\u00e9 \u00e0 plusieurs reprises le m\u00eame type de manifestation de sport de combat <strong>sans d\u00e9claration pr\u00e9alables, ni autorisations<\/strong> (les 29 octobre 2021, 14 avril 2023 et 7 d\u00e9cembre 2024, notamment), a act\u00e9 cette d\u00e9cision jeudi 10 avril 2025.\u00a0<\/p>\n<p class=\" wall-content\">Suivez toute l\u2019actualit\u00e9 de vos villes et m\u00e9dias favoris en vous inscrivant \u00e0 <a href=\"https:\/\/moncompte.actu.fr\" title=\"D\u00e9couvez Mon Actu\" rel=\"nofollow noopener\" data-trk=\"{&quot;cta&quot;:{&quot;action&quot;:&quot;https:\\\/\\\/moncompte.actu.fr&quot;,&quot;category&quot;:&quot;mon compte&quot;,&quot;from&quot;:&quot;article footer&quot;,&quot;name&quot;:&quot;Mon actu&quot;,&quot;type&quot;:&quot;cta&quot;}}\" target=\"_blank\">Mon Actu<\/a>.<\/p>\n<ul class=\"ac-article-tag wall-content\">\n<li><a href=\"https:\/\/actu.fr\/tag\/prefecture-de-seine-saint-denis\" data-trk=\"{&quot;cta&quot;:{&quot;action&quot;:&quot;Pr\\u00e9fecture de Seine-Saint-Denis&quot;,&quot;category&quot;:&quot;tag&quot;,&quot;from&quot;:&quot;article footer&quot;,&quot;name&quot;:&quot;Pr\\u00e9fecture de Seine-Saint-Denis&quot;,&quot;type&quot;:&quot;cta&quot;}}\" target=\"_blank\" rel=\"noopener\">#Pr\u00e9fecture de Seine-Saint-Denis<\/a><\/li>\n<\/ul>\n<p>                    <script async src=\"\/\/www.instagram.com\/embed.js\"><\/script><\/p>\n","protected":false},"excerpt":{"rendered":"Par R\u00e9daction Paris Publi\u00e9 le 11 avr. 2025 \u00e0 18h00 L\u2019\u00e9v\u00e9nement \u00ab\u00a0Rixe Club X : La Guerre des&hellip;\n","protected":false},"author":2,"featured_media":17714,"comment_status":"","ping_status":"","sticky":false,"template":"","format":"standard","meta":{"footnotes":""},"categories":[1888],"tags":[1111,1928,11,1927,1777,674,1011,27,12,1926,626,1925,7134,25,60],"class_list":{"0":"post-17713","1":"post","2":"type-post","3":"status-publish","4":"format-standard","5":"has-post-thumbnail","7":"category-paris","8":"tag-actu","9":"tag-actu-paris","10":"tag-actualites","11":"tag-actualites-paris","12":"tag-eu","13":"tag-europe","14":"tag-fr","15":"tag-france","16":"tag-news","17":"tag-news-paris","18":"tag-paris","19":"tag-paris-news","20":"tag-prefecture-de-seine-saint-denis","21":"tag-republique-francaise","22":"tag-sports"},"share_on_mastodon":{"url":"https:\/\/pubeurope.com\/@fr\/114320242405772585","error":""},"_links":{"self":[{"href":"https:\/\/www.europesays.com\/fr\/wp-json\/wp\/v2\/posts\/17713","targetHints":{"allow":["GET"]}}],"collection":[{"href":"https:\/\/www.europesays.com\/fr\/wp-json\/wp\/v2\/posts"}],"about":[{"href":"https:\/\/www.europesays.com\/fr\/wp-json\/wp\/v2\/types\/post"}],"author":[{"embeddable":true,"href":"https:\/\/www.europesays.com\/fr\/wp-json\/wp\/v2\/users\/2"}],"replies":[{"embeddable":true,"href":"https:\/\/www.europesays.com\/fr\/wp-json\/wp\/v2\/comments?post=17713"}],"version-history":[{"count":0,"href":"https:\/\/www.europesays.com\/fr\/wp-json\/wp\/v2\/posts\/17713\/revisions"}],"wp:featuredmedia":[{"embeddable":true,"href":"https:\/\/www.europesays.com\/fr\/wp-json\/wp\/v2\/media\/17714"}],"wp:attachment":[{"href":"https:\/\/www.europesays.com\/fr\/wp-json\/wp\/v2\/media?parent=17713"}],"wp:term":[{"taxonomy":"category","embeddable":true,"href":"https:\/\/www.europesays.com\/fr\/wp-json\/wp\/v2\/categories?post=17713"},{"taxonomy":"post_tag","embeddable":true,"href":"https:\/\/www.europesays.com\/fr\/wp-json\/wp\/v2\/tags?post=17713"}],"curies":[{"name":"wp","href":"https:\/\/api.w.org\/{rel}","templated":true}]}}