{"id":177142,"date":"2025-06-15T00:35:10","date_gmt":"2025-06-15T00:35:10","guid":{"rendered":"https:\/\/www.europesays.com\/fr\/177142\/"},"modified":"2025-06-15T00:35:10","modified_gmt":"2025-06-15T00:35:10","slug":"nicolas-sarkozy-exclu-de-la-legion-dhonneur-apres-sa-condamnation-dans-laffaire-des-ecoutes","status":"publish","type":"post","link":"https:\/\/www.europesays.com\/fr\/177142\/","title":{"rendered":"Nicolas Sarkozy exclu de la L\u00e9gion d&rsquo;honneur apr\u00e8s sa condamnation dans l&rsquo;affaire des \u00e9coutes"},"content":{"rendered":"<p>L\u2019ex-pr\u00e9sident (2007-2012), \u00e9galement exclu de l\u2019ordre national du M\u00e9rite, devient ainsi le deuxi\u00e8me chef de l\u2019\u00c9tat fran\u00e7ais priv\u00e9 de cette distinction apr\u00e8s le mar\u00e9chal P\u00e9tain.<\/p>\n<p class=\"fig-paragraph\">L&rsquo;ancien pr\u00e9sident Nicolas Sarkozy a \u00e9t\u00e9 exclu de la L\u00e9gion d&rsquo;honneur apr\u00e8s sa condamnation, devenue d\u00e9finitive, \u00e0 un an de prison ferme pour corruption dans\u00a0<a href=\"http:\/\/www.lefigaro.fr\/actualite-france\/nicolas-sarkozy-est-innocent-quand-son-avocat-reecrit-l-affaire-du-financement-libyen-20250408\" data-fig-type=\"Article\" data-gtm-custom-categorie=\"navigation\" data-gtm-custom-action=\"crossclick\" data-gtm-custom-label=\"Contextuel\" data-gtm-event=\"customEventSPE\" data-fig-domain=\"LEFIGARO\" target=\"_blank\" rel=\"noopener\">l&rsquo;affaire des \u00e9coutes<\/a>, selon un arr\u00eat\u00e9 publi\u00e9 dimanche au Journal officiel.<\/p>\n<p class=\"fig-paragraph\">L&rsquo;ex-pr\u00e9sident (2007-2012), \u00e9galement exclu de l&rsquo;ordre national du M\u00e9rite, devient ainsi le deuxi\u00e8me chef de l&rsquo;\u00c9tat fran\u00e7ais priv\u00e9 de cette distinction apr\u00e8s le mar\u00e9chal P\u00e9tain, \u00e0 qui la L\u00e9gion d&rsquo;honneur avait \u00e9t\u00e9 retir\u00e9e apr\u00e8s sa condamnation en ao\u00fbt 1945 pour haute trahison et intelligence avec l&rsquo;ennemi. Cette d\u00e9cision \u00e9tait attendue depuis que la condamnation de Nicolas Sarkozy a \u00e9t\u00e9 rendue d\u00e9finitive par le rejet d\u2019un pourvoi par la Cour de cassation en d\u00e9cembre.<\/p>\n<p class=\"fig-paragraph\">Dans l\u2019affaire des \u00e9coutes, l\u2019ex-chef de l\u2019Etat a \u00e9t\u00e9 reconnu coupable d\u2019avoir, en 2014, tent\u00e9 de corrompre un magistrat de la Cour de cassation,\u00a0<a href=\"https:\/\/www.lefigaro.fr\/actualite-france\/proces-sarkozy-gilbert-azibert-jamais-sollicite-20201202\" data-fig-type=\"Article\" data-gtm-custom-categorie=\"navigation\" data-gtm-custom-action=\"crossclick\" data-gtm-custom-label=\"Contextuel\" data-gtm-event=\"customEventSPE\" data-fig-domain=\"LEFIGARO\" target=\"_blank\" rel=\"noopener\">Gilbert Azibert<\/a>, dans l\u2019espoir d\u2019obtenir des informations confidentielles et avec l\u2019aide de son avocat\u00a0<a href=\"http:\/\/www.lefigaro.fr\/actualite-france\/affaire-des-ecoutes-thierry-herzog-se-defend-de-toute-tentative-de-corruption-20201203\" data-fig-type=\"NewsFlash\" data-gtm-custom-categorie=\"navigation\" data-gtm-custom-action=\"crossclick\" data-gtm-custom-label=\"Contextuel\" data-gtm-event=\"customEventSPE\" data-fig-domain=\"LEFIGARO\" target=\"_blank\" rel=\"noopener\">Me Thierry Herzog<\/a>. Tous trois ont \u00e9t\u00e9 condamn\u00e9s, en premi\u00e8re instance et en appel, \u00e0 la m\u00eame peine de trois ans de prison dont un ferme.<\/p>\n<p>Un retrait est \u00abde droit\u00bb<\/p>\n<p class=\"fig-paragraph\">Avec le rejet de son ultime recours en France, Nicolas Sarkozy \u00e9tait sous le coup d\u2019une exclusion de la\u00a0<a href=\"http:\/\/www.lefigaro.fr\/actualite-france\/qui-merite-la-legion-d-honneur-les-francais-auront-leur-mot-a-dire-20250304\" data-fig-type=\"Article\" data-gtm-custom-categorie=\"navigation\" data-gtm-custom-action=\"crossclick\" data-gtm-custom-label=\"Contextuel\" data-gtm-event=\"customEventSPE\" data-fig-domain=\"LEFIGARO\" target=\"_blank\" rel=\"noopener\">L\u00e9gion d\u2019honneur<\/a>\u00a0qui est automatique quand un r\u00e9cipiendaire est d\u00e9finitivement condamn\u00e9 pour un crime ou \u00e9cope d\u2019une peine d\u2019emprisonnement \u00e9gale ou sup\u00e9rieure \u00e0 un an ferme.<\/p>\n<p class=\"fig-paragraph\">Dans ces cas, le retrait est \u00abde droit\u00bb, avait soulign\u00e9 en mars le Grand chancelier de la L\u00e9gion d\u2019honneur, le g\u00e9n\u00e9ral Fran\u00e7ois Lecointre, qui a sign\u00e9 l\u2019arr\u00eat\u00e9 privant Nicolas Sarkozy des deux titres dont il \u00e9tait grand-croix, grade le plus \u00e9lev\u00e9. Ces derni\u00e8res semaines, la perspective de voir l\u2019ex-pr\u00e9sident d\u00e9chu de sa L\u00e9gion d\u2019honneur avait provoqu\u00e9 des r\u00e9criminations \u00e0 droite et suscit\u00e9 des r\u00e9serves au plus haut sommet de l\u2019Etat. \u00abDe mon point de vue, de l\u00e0 o\u00f9 je suis, je pense que ce ne serait pas une bonne d\u00e9cision\u00bb, avait d\u00e9clar\u00e9 Emmanuel Macron fin avril en marge d\u2019un d\u00e9placement \u00e0 Madagascar.<\/p>\n<p class=\"fig-paragraph\">En vertu de l\u2019arr\u00eat\u00e9 sign\u00e9 du 5 juin, les deux copr\u00e9venus de Nicolas Sarkozy, Gilbert Azibert et Thierry Herzog, sont eux aussi exclus de la L\u00e9gion d\u2019honneur et de l\u2019ordre national du M\u00e9rite. Outre celle des \u00e9coutes, Nicolas Sarkozy est mis en cause dans plusieurs affaires judiciaires et a notamment comparu d\u00e9but 2025 pour des\u00a0<a href=\"http:\/\/www.lefigaro.fr\/politique\/soupcons-de-financement-libyen-de-la-campagne-de-sarkozy-les-investigations-sont-terminees-20221024\" data-fig-type=\"NewsFlash\" data-gtm-custom-categorie=\"navigation\" data-gtm-custom-action=\"crossclick\" data-gtm-custom-label=\"Contextuel\" data-gtm-event=\"customEventSPE\" data-fig-domain=\"LEFIGARO\" target=\"_blank\" rel=\"noopener\">soup\u00e7ons de financement libyen<\/a>\u00a0de sa campagne pr\u00e9sidentielle de 2007. Le jugement dans ce dossier sera rendu fin septembre.<\/p>\n","protected":false},"excerpt":{"rendered":"L\u2019ex-pr\u00e9sident (2007-2012), \u00e9galement exclu de l\u2019ordre national du M\u00e9rite, devient ainsi le deuxi\u00e8me chef de l\u2019\u00c9tat fran\u00e7ais priv\u00e9&hellip;\n","protected":false},"author":2,"featured_media":177143,"comment_status":"","ping_status":"","sticky":false,"template":"","format":"standard","meta":{"footnotes":""},"categories":[2],"tags":[11,426,427,422,423,1011,27,418,424,425,10254,420,421,12,3091,419,316,429,25,428],"class_list":{"0":"post-177142","1":"post","2":"type-post","3":"status-publish","4":"format-standard","5":"has-post-thumbnail","7":"category-actualites","8":"tag-actualites","9":"tag-candidat","10":"tag-candidats","11":"tag-depute","12":"tag-deputes","13":"tag-fr","14":"tag-france","15":"tag-gouvernement","16":"tag-institution","17":"tag-institutions","18":"tag-legion-dhonneur","19":"tag-loi","20":"tag-lois","21":"tag-news","22":"tag-nicolas-sarkozy","23":"tag-opposition","24":"tag-politique","25":"tag-ps","26":"tag-republique-francaise","27":"tag-ump"},"share_on_mastodon":{"url":"https:\/\/pubeurope.com\/@fr\/114684580677067257","error":""},"_links":{"self":[{"href":"https:\/\/www.europesays.com\/fr\/wp-json\/wp\/v2\/posts\/177142","targetHints":{"allow":["GET"]}}],"collection":[{"href":"https:\/\/www.europesays.com\/fr\/wp-json\/wp\/v2\/posts"}],"about":[{"href":"https:\/\/www.europesays.com\/fr\/wp-json\/wp\/v2\/types\/post"}],"author":[{"embeddable":true,"href":"https:\/\/www.europesays.com\/fr\/wp-json\/wp\/v2\/users\/2"}],"replies":[{"embeddable":true,"href":"https:\/\/www.europesays.com\/fr\/wp-json\/wp\/v2\/comments?post=177142"}],"version-history":[{"count":0,"href":"https:\/\/www.europesays.com\/fr\/wp-json\/wp\/v2\/posts\/177142\/revisions"}],"wp:featuredmedia":[{"embeddable":true,"href":"https:\/\/www.europesays.com\/fr\/wp-json\/wp\/v2\/media\/177143"}],"wp:attachment":[{"href":"https:\/\/www.europesays.com\/fr\/wp-json\/wp\/v2\/media?parent=177142"}],"wp:term":[{"taxonomy":"category","embeddable":true,"href":"https:\/\/www.europesays.com\/fr\/wp-json\/wp\/v2\/categories?post=177142"},{"taxonomy":"post_tag","embeddable":true,"href":"https:\/\/www.europesays.com\/fr\/wp-json\/wp\/v2\/tags?post=177142"}],"curies":[{"name":"wp","href":"https:\/\/api.w.org\/{rel}","templated":true}]}}