{"id":17715,"date":"2025-04-11T16:20:10","date_gmt":"2025-04-11T16:20:10","guid":{"rendered":"https:\/\/www.europesays.com\/fr\/17715\/"},"modified":"2025-04-11T16:20:10","modified_gmt":"2025-04-11T16:20:10","slug":"paris-la-prudence-lemporte-recul-hebdo-proche-de-25-11-04-2025-a-1755","status":"publish","type":"post","link":"https:\/\/www.europesays.com\/fr\/17715\/","title":{"rendered":"Paris: la prudence l&#8217;emporte, recul hebdo proche de 2,5% &#8211; 11\/04\/2025 \u00e0 17:55"},"content":{"rendered":"<p>                                                                (CercleFinance.com) &#8211; La bourse de Paris conclut cette derni\u00e8re s\u00e9ance de la semaine sur un repli de 0.3%, \u00e0 7104 points, p\u00e9nalis\u00e9e par Stellantis (-3.9%), Safran (-3.4%) et Airbus (-3.3%), malgr\u00e9 les hausses de STMicro (+4%) et Kering (+3.5%).<\/p>\n<p>Au cours de la semaine \u00e9coul\u00e9e, l&rsquo;indice parisien affiche un repli proche de 2.5%.<br \/>\n<br \/>Le rebond qui s&rsquo;\u00e9tait dessin\u00e9 sur les march\u00e9s apr\u00e8s la volte-face de Donald Trump en mati\u00e8re de droit de douane (10% pour tout le monde, hors Chine) peine \u00e0 se concr\u00e9tiser en Europe.\n<\/p>\n<p>En effet, Washington et P\u00e9kin se livrent d\u00e9sormais un combat singulier \u00e0 grand coup de hausse de tarifs douaniers.<br \/>\n<br \/>A ce titre, la Chine a annonc\u00e9 ce matin qu&rsquo;elle porterait ses droits de douane additionnels de 84% \u00e0 125% sur les biens US \u00e0 compter de demain.\n<\/p>\n<p>En proc\u00e9dant \u00e0 des ventes massives de T-Bonds, P\u00e9kin pourrait aussi \u00eatre derri\u00e8re la r\u00e9cente hausse de rendement du papier US : le rendement des obligations atteint 4.53% \u00e0 10 ans, en hausse de 13 points. Par ailleurs, le dollar qui d\u00e9visse de -5% en 48H face \u00e0 l&rsquo;Euro, \u00e0 1.135$\/E.\n<\/p>\n<p>Contrairement aux T-Bonds, les OAT se d\u00e9tendent de -1Pts vers 3,34200%, le Bund -4Pts \u00e0 2,5440%.<br \/>\n<br \/>Dans ce contexte, l&rsquo;or atteint des sommets autour des 3240$ l&rsquo;once (+5%).\n<\/p>\n<p>Le vent d&rsquo;incertitude qui souffle sur les march\u00e9s est donc encore loin d&rsquo;\u00eatre lev\u00e9 : d&rsquo;apr\u00e8s les strat\u00e8ges, les march\u00e9s boursiers pourraient encore conna\u00eetre de nouvelles s\u00e9ances \u00e9prouvantes si rien ne devait venir apaiser les craintes concernant la guerre commerciale et le regain d&rsquo;inqui\u00e9tudes autour de l&rsquo;\u00e9conomie mondiale.\n<\/p>\n<p>Un communiqu\u00e9 commun de Washington et P\u00e9kin sur une forme d&rsquo;armistice et de reprise d&rsquo;un dialogue &lsquo;constructif&rsquo; pourrait faire retomber un peu la pression.\n<\/p>\n<p>Sur le front des statistiques, rien de sympathique : le moral des m\u00e9nages \u00e9tats-uniens s&rsquo;est d\u00e9grad\u00e9 de -6,2Pts vers 50,8 en avril, c&rsquo;est le quatri\u00e8me mois cons\u00e9cutif de d\u00e9gradation.\n<\/p>\n<p>L&rsquo;enqu\u00eate mensuelle de l&rsquo;Universit\u00e9 du Michigan fait appara\u00eetre que la composante du &lsquo;jugement des m\u00e9nages&rsquo; interrog\u00e9s sur leur situation actuelle a chut\u00e9 de -7,3Pts, \u00e0 56,5, apr\u00e8s 63,8 le mois dernier, tandis que celle mesurant leurs perspectives s&rsquo;est contract\u00e9e \u00e0 47,2, \u00e0 comparer avec 52,6 en mars.\n<\/p>\n<p>Joanne Hsu, l&rsquo;auteure du rapport, souligne que l&rsquo;UMich a d\u00e9sormais perdu plus de 30% depuis d\u00e9cembre dernier, notamment du fait des inqui\u00e9tudes ayant trait \u00e0 l&rsquo;escalade de la guerre commerciale en cours.\n<\/p>\n<p>La proportion d&rsquo;individus envisageant une hausse du ch\u00f4mage s&rsquo;est de son c\u00f4t\u00e9 accrue pour le cinqui\u00e8me mois cons\u00e9cutif pour atteindre un plus haut depuis 2009.<br \/>\n<br \/>Quant aux anticipations d&rsquo;inflation \u00e0 un an, elles remontent en fl\u00e8che \u00e0 6,7%, contre 5% un mois plus t\u00f4t, marquant un nouveau pic depuis 1981\n<\/p>\n<p>Par ailleurs, le D\u00e9partement du Travail (DoL) fait savoir que les prix \u00e0 la production aux Etats-Unis ont diminu\u00e9 de 0,4% en mars par rapport au mois pr\u00e9c\u00e9dent, mais augment\u00e9 de 0,1% en excluant l&rsquo;alimentation, l&rsquo;\u00e9nergie et les services commerciaux.\n<\/p>\n<p>Le DoL pr\u00e9cise qu&rsquo;en mars, plus de 70% de la baisse de l&rsquo;indice pour la demande finale peut \u00eatre attribu\u00e9e aux prix pour les biens, en recul de 0,9%, tandis que ceux pour les services ne se sont tass\u00e9s que de 0,2%.\n<\/p>\n<p>Exprim\u00e9e en variation annuelle, la hausse des prix producteurs a ralenti de 0,5 point \u00e0 2,7% le mois dernier en donn\u00e9es brutes, et dans une bien moindre mesure (-0,1 point \u00e0 3,4%) hors alimentation, \u00e9nergie et services commerciaux.\n<\/p>\n<p>En Europe, le taux d&rsquo;inflation en Allemagne &#8211; mesur\u00e9 comme la variation sur un an de l&rsquo;indice des prix \u00e0 la consommation (IPC) &#8211; a \u00e9t\u00e9 confirm\u00e9 par Destatis \u00e0 +2,2% en mars, en l\u00e9g\u00e8re baisse donc par rapport \u00e0 celui de +2,3% de f\u00e9vrier, conform\u00e9ment \u00e0 l&rsquo;estimation pr\u00e9liminaire.\n<\/p>\n<p>Alors que incertitudes pesant sur la croissance mondiale sont dans tous les esprits, le d\u00e9but de la saison des r\u00e9sultats du premier trimestre pourrait \u00e9galement alimenter la prudence.\n<\/p>\n<p>Dans l&rsquo;actualit\u00e9 des soci\u00e9t\u00e9s tricolores, Soci\u00e9t\u00e9 G\u00e9n\u00e9rale annonce que son conseil d&rsquo;administration a proc\u00e9d\u00e9 au choix de William Connelly pour sa pr\u00e9sidence \u00e0 partir de l&rsquo;assembl\u00e9e g\u00e9n\u00e9rale du 27 mai 2026, sous r\u00e9serve de son renouvellement comme administrateur par l&rsquo;AG du 20 mai 2025.\n<\/p>\n<p>Stellantis a fait \u00e9tat vendredi d&rsquo;une baisse plus marqu\u00e9e que pr\u00e9vu de 9% de ses facturations consolid\u00e9es mondiales au premier trimestre, toujours sous l&rsquo;effet de ses difficult\u00e9s en Am\u00e9rique du Nord.<\/p>\n","protected":false},"excerpt":{"rendered":"(CercleFinance.com) &#8211; La bourse de Paris conclut cette derni\u00e8re s\u00e9ance de la semaine sur un repli de 0.3%,&hellip;\n","protected":false},"author":2,"featured_media":2554,"comment_status":"","ping_status":"","sticky":false,"template":"","format":"standard","meta":{"footnotes":""},"categories":[1888],"tags":[400,1111,1928,11,1927,398,408,405,1777,674,1011,27,403,402,399,404,12,1926,626,1925,25,401,406,407],"class_list":{"0":"post-17715","1":"post","2":"type-post","3":"status-publish","4":"format-standard","5":"has-post-thumbnail","7":"category-paris","8":"tag-action-cac-40","9":"tag-actu","10":"tag-actu-paris","11":"tag-actualites","12":"tag-actualites-paris","13":"tag-bourse-de-paris","14":"tag-boursorama","15":"tag-cotations","16":"tag-eu","17":"tag-europe","18":"tag-fr","19":"tag-france","20":"tag-indices-devises","21":"tag-investir","22":"tag-investissement","23":"tag-marche-boursier","24":"tag-news","25":"tag-news-paris","26":"tag-paris","27":"tag-paris-news","28":"tag-republique-francaise","29":"tag-sicav","30":"tag-trackers","31":"tag-warrants"},"share_on_mastodon":{"url":"https:\/\/pubeurope.com\/@fr\/114320246337652029","error":""},"_links":{"self":[{"href":"https:\/\/www.europesays.com\/fr\/wp-json\/wp\/v2\/posts\/17715","targetHints":{"allow":["GET"]}}],"collection":[{"href":"https:\/\/www.europesays.com\/fr\/wp-json\/wp\/v2\/posts"}],"about":[{"href":"https:\/\/www.europesays.com\/fr\/wp-json\/wp\/v2\/types\/post"}],"author":[{"embeddable":true,"href":"https:\/\/www.europesays.com\/fr\/wp-json\/wp\/v2\/users\/2"}],"replies":[{"embeddable":true,"href":"https:\/\/www.europesays.com\/fr\/wp-json\/wp\/v2\/comments?post=17715"}],"version-history":[{"count":0,"href":"https:\/\/www.europesays.com\/fr\/wp-json\/wp\/v2\/posts\/17715\/revisions"}],"wp:featuredmedia":[{"embeddable":true,"href":"https:\/\/www.europesays.com\/fr\/wp-json\/wp\/v2\/media\/2554"}],"wp:attachment":[{"href":"https:\/\/www.europesays.com\/fr\/wp-json\/wp\/v2\/media?parent=17715"}],"wp:term":[{"taxonomy":"category","embeddable":true,"href":"https:\/\/www.europesays.com\/fr\/wp-json\/wp\/v2\/categories?post=17715"},{"taxonomy":"post_tag","embeddable":true,"href":"https:\/\/www.europesays.com\/fr\/wp-json\/wp\/v2\/tags?post=17715"}],"curies":[{"name":"wp","href":"https:\/\/api.w.org\/{rel}","templated":true}]}}