{"id":177150,"date":"2025-06-15T00:39:10","date_gmt":"2025-06-15T00:39:10","guid":{"rendered":"https:\/\/www.europesays.com\/fr\/177150\/"},"modified":"2025-06-15T00:39:10","modified_gmt":"2025-06-15T00:39:10","slug":"un-nouveau-receptionneur-attaquant-et-des-jeunes-promus-avec-le-groupe-pro-leffectif-du-mhsc-vb-prend-forme","status":"publish","type":"post","link":"https:\/\/www.europesays.com\/fr\/177150\/","title":{"rendered":"Un nouveau r\u00e9ceptionneur attaquant et des jeunes promus avec le groupe pro\u2026 l\u2019effectif du MHSC VB prend forme"},"content":{"rendered":"<p>\n                                                                Le joueur de Toulouse d\u00e9j\u00e0 pass\u00e9 Maxime Hervoir rejoint Montpellier au poste de r\u00e9ceptionneur-attaquant.\n                            <\/p>\n<p>Le MHSC VB a annonc\u00e9 l\u2019arriv\u00e9e d\u2019un nouvel r\u00e9ceptionneur-attaquant. \u00c2g\u00e9 de 30 ans, Maxime Hervoir (1,93m) rejoint le club pour occuper la troisi\u00e8me place de la hi\u00e9rarchie du poste derri\u00e8re les Argentins Ezequiel Palacios et Thomas Lopez.<\/p>\n<p>Le natif de Royan \u00e9voluait \u00e0 Toulouse, la saison derni\u00e8re. Il a commenc\u00e9 sa carri\u00e8re sous les couleurs de l\u2019Arago de S\u00e8te o\u00f9 il a \u00e9t\u00e9 form\u00e9 entre\u00a02012 et\u00a02016 avant de conna\u00eetre une exp\u00e9rience dans l\u2019Ohio aux \u00c9tats-Unis. \u00c0 Castelnau-le-Lez, il ne d\u00e9barque pas en terre inconnue puisqu\u2019il a jou\u00e9 pour Montpellier lors de la saison 2018-2019, il a ensuite \u00e9volu\u00e9 \u00e0 Saint-Nazaire et Saint-Jean-d\u2019Illac.<\/p>\n<p>Des jeunes avec les pros<\/p>\n<p>Alors qu\u2019on conna\u00eet d\u00e9j\u00e0 les joueurs titulaires la saison prochaine (Le Goff, Lopez, Palacios, Hirsch, Phelut et Jouffroy) \u00e0 l\u2019exception du passeur qui devrait \u00eatre l\u2019Argentin Matias Sanchez, on en sait plus sur le reste de l\u2019effectif. Ethan Jeanlys (central), Maxime Comtet (r\u00e9ceptionneur-attaquant) et Eliott Laurent (libero) qui ont fait quelques apparitions dans le groupe professionnel la saison derni\u00e8re sont conserv\u00e9s.<\/p>\n<p>Enfin, quatre membres du centre de formation vont s\u2019entra\u00eener avec l\u2019\u00e9quipe\u00a0: Kayan Siksou, Arthur Morisse, Maxime Delolme et Haukea Mar\u00e9.<\/p>\n","protected":false},"excerpt":{"rendered":"Le joueur de Toulouse d\u00e9j\u00e0 pass\u00e9 Maxime Hervoir rejoint Montpellier au poste de r\u00e9ceptionneur-attaquant. Le MHSC VB a&hellip;\n","protected":false},"author":2,"featured_media":177151,"comment_status":"","ping_status":"","sticky":false,"template":"","format":"standard","meta":{"footnotes":""},"categories":[1417],"tags":[1011,27,60,1470,1469],"class_list":{"0":"post-177150","1":"post","2":"type-post","3":"status-publish","4":"format-standard","5":"has-post-thumbnail","7":"category-volley","8":"tag-fr","9":"tag-france","10":"tag-sports","11":"tag-volley","12":"tag-volleyball"},"share_on_mastodon":{"url":"https:\/\/pubeurope.com\/@fr\/114684596267582350","error":""},"_links":{"self":[{"href":"https:\/\/www.europesays.com\/fr\/wp-json\/wp\/v2\/posts\/177150","targetHints":{"allow":["GET"]}}],"collection":[{"href":"https:\/\/www.europesays.com\/fr\/wp-json\/wp\/v2\/posts"}],"about":[{"href":"https:\/\/www.europesays.com\/fr\/wp-json\/wp\/v2\/types\/post"}],"author":[{"embeddable":true,"href":"https:\/\/www.europesays.com\/fr\/wp-json\/wp\/v2\/users\/2"}],"replies":[{"embeddable":true,"href":"https:\/\/www.europesays.com\/fr\/wp-json\/wp\/v2\/comments?post=177150"}],"version-history":[{"count":0,"href":"https:\/\/www.europesays.com\/fr\/wp-json\/wp\/v2\/posts\/177150\/revisions"}],"wp:featuredmedia":[{"embeddable":true,"href":"https:\/\/www.europesays.com\/fr\/wp-json\/wp\/v2\/media\/177151"}],"wp:attachment":[{"href":"https:\/\/www.europesays.com\/fr\/wp-json\/wp\/v2\/media?parent=177150"}],"wp:term":[{"taxonomy":"category","embeddable":true,"href":"https:\/\/www.europesays.com\/fr\/wp-json\/wp\/v2\/categories?post=177150"},{"taxonomy":"post_tag","embeddable":true,"href":"https:\/\/www.europesays.com\/fr\/wp-json\/wp\/v2\/tags?post=177150"}],"curies":[{"name":"wp","href":"https:\/\/api.w.org\/{rel}","templated":true}]}}