{"id":177156,"date":"2025-06-15T00:43:22","date_gmt":"2025-06-15T00:43:22","guid":{"rendered":"https:\/\/www.europesays.com\/fr\/177156\/"},"modified":"2025-06-15T00:43:22","modified_gmt":"2025-06-15T00:43:22","slug":"apres-la-surprise-du-mans-retour-a-la-normale-a-silverstone","status":"publish","type":"post","link":"https:\/\/www.europesays.com\/fr\/177156\/","title":{"rendered":"apr\u00e8s la surprise du Mans, retour \u00e0 la normale \u00e0 Silverstone ?"},"content":{"rendered":"<p style=\"text-align:\">Apr\u00e8s la victoire surprise sous la pluie du Fran\u00e7ais Johann Zarco (Honda-LCR) au Mans, le championnat du monde MotoGP devrait revenir \u00e0 l&rsquo;ordre \u00e9tabli ce weekend sur le circuit anglais de Silverstone avec une nouvelle domination attendue des Ducati.<\/p>\n<p><a href=\"https:\/\/lecourrier.vn\/motogp-espagne-un-marquez-peut-en-cacher-un-autre-quartararo-sur-le-podium\/1282050.html\" title=\"MotoGP\/Espagne : un Marquez peut en cacher un autre, Quartararo sur le podium\" rel=\"nofollow noopener\" target=\"_blank\">&gt;&gt; MotoGP\/Espagne : un Marquez peut en cacher un autre, Quartararo sur le podium<\/a><\/p>\n<p><a href=\"https:\/\/lecourrier.vn\/motogp-quartararo-enflamme-le-mans-marquez-intouchable-en-sprint\/1282826.html\" title=\"MotoGP : Quartararo enflamme Le Mans, Marquez intouchable en sprint\" rel=\"nofollow noopener\" target=\"_blank\">&gt;&gt; MotoGP : Quartararo enflamme Le Mans, Marquez intouchable en sprint<\/a><\/p>\n<p><a href=\"https:\/\/lecourrier.vn\/motogp-le-francais-johann-zarco-remporte-le-grand-prix-de-france-au-mans\/1282864.html\" title=\"MotoGP : le Fran\u00e7ais Johann Zarco remporte le Grand Prix de France au Mans\" rel=\"nofollow noopener\" target=\"_blank\">&gt;&gt; MotoGP : le Fran\u00e7ais Johann Zarco remporte le Grand Prix de France au Mans<\/a><\/p>\n<tr>\n<td class=\"pic\"><img decoding=\"async\" class=\"lazyload\" src=\"https:\/\/www.europesays.com\/fr\/wp-content\/uploads\/2025\/06\/151253-field_media_image-2925587-ff35c6b70edd575ad98db02b3aef39a468975b30.webp.webp\" alt=\"\"\/><\/td>\n<\/tr>\n<tr>\n<td class=\"caption\">Johann Zarco (droite), le Fran\u00e7ais de LCR Honda, c\u00e9l\u00e8bre sa victoire sur le podium aux c\u00f4t\u00e9s de Marc Marquez, l&rsquo;Espagnol de Ducati Lenovo Team, apr\u00e8s avoir remport\u00e9 le Grand Prix de France sur le circuit du Mans, le 11 mai.<\/td>\n<\/tr>\n<tr align=\"right\">\n<td class=\"author\">Photo : AFP\/VNA\/CVN<\/td>\n<\/tr>\n<p style=\"text-align:left\">Marc Marquez, actuel leader du championnat du monde et vainqueur de trois des six Grand Prix disput\u00e9s depuis le d\u00e9but de la saison, avait d\u00fb s&rsquo;incliner au Mans devant un Zarco imp\u00e9rial sous la pluie. Le sextuple champion du monde espagnol avait cependant limit\u00e9 les d\u00e9g\u00e2ts en terminant second.<\/p>\n<p style=\"text-align:left\">Il dispose d\u00e9sormais d&rsquo;une avance de 22 points sur son fr\u00e8re cadet Alex Marquez (Ducati-Gresini) et de 51 points sur son co\u00e9quipier au sein de l&rsquo;\u00e9curie d&rsquo;usine de la marque italienne Francesco Bagnaia, qui a chut\u00e9 au Mans le samedi et le dimanche.<\/p>\n<p style=\"text-align:left\">Outre ses trois victoires le dimanche 18 mai, Marc Marquez a aussi remport\u00e9 toutes les six courses sprint du samedi 17 mai courues depuis le d\u00e9but de la saison.<\/p>\n<p style=\"text-align:left\">\u00ab\u00a0En France, j&rsquo;ai pris des points tr\u00e8s importants pour le championnat et j&rsquo;ai continu\u00e9 \u00e0 am\u00e9liorer la moto\u00a0\u00bb, souligne-t-il.<\/p>\n<tr>\n<td class=\"pic\"><img decoding=\"async\" class=\"lazyload\" src=\"https:\/\/www.europesays.com\/fr\/wp-content\/uploads\/2025\/06\/144515-field_media_image-2925589-e2b68559c10568881391c3cf9eba6368517cc0b7.webp.webp\" alt=\"\"\/><\/td>\n<\/tr>\n<tr>\n<td class=\"caption\">Marc Marquez (droite), pour Ducati, devance Fabio Quartararo (Yamaha), lors de la course sprint du GP de France sur le circuit du Mans, le 10 mai.\u00a0<\/td>\n<\/tr>\n<tr align=\"right\">\n<td class=\"author\">Photo : AFP\/VNA\/CVN<\/td>\n<\/tr>\n<p style=\"text-align:left\">Bagnaia va tenter \u00e0 Silverstone de ne pas se faire irr\u00e9m\u00e9diablement distancer par son \u00e9quipier. \u00ab\u00a0Le but est d&rsquo;avoir davantage de confiance dans mon pneu avant pour pouvoir piloter comme je veux. J&rsquo;ai toujours \u00e9t\u00e9 tr\u00e8s fort \u00e0 Silverstone ces derni\u00e8res ann\u00e9es. J&rsquo;aime la piste et son atmosph\u00e8re et j&rsquo;ai h\u00e2te d&rsquo;\u00eatre de retour dans les stands\u00a0\u00bb, affirme l&rsquo;Italien, double champion du monde en titre, vainqueur en 2022.<\/p>\n<p style=\"text-align:left\">La derni\u00e8re victoire, et la seule, de Marc Marquez sur le trac\u00e9 anglais remonte \u00e0 2014 lorsqu&rsquo;il courait encore pour Honda.<\/p>\n<p style=\"text-align:left\"><b>Apr\u00e8s Zarco, Quartararo ?<\/b><\/p>\n<p style=\"text-align:left\">Le vainqueur de l&rsquo;an dernier, l&rsquo;Italien Enea Bastianini, a depuis quitt\u00e9 l&rsquo;\u00e9curie officielle Ducati pour faire place nette \u00e0 Marc Marquez et porte maintenant les couleurs de KTM-Tech3, l&rsquo;\u00e9curie satellite, et fran\u00e7aise, du constructeur autrichien. Il sera frapp\u00e9 \u00e0 Silverstone d&rsquo;une p\u00e9nalit\u00e9 \u00ab\u00a0long lap\u00a0\u00bb pour avoir accroch\u00e9 Francesco Bagnaia lors du pr\u00e9c\u00e9dent Grand Prix de France.<\/p>\n<p style=\"text-align:left\">L&rsquo;autre pilote de KTM-Tech3, l&rsquo;Espagnol Maverick Vinales, vainqueur sur ce circuit en 2016, reste lui sur une encourageante 5e place au Mans et pourrait surprendre.<\/p>\n<tr>\n<td class=\"pic\"><img decoding=\"async\" class=\"lazyload\" src=\"https:\/\/www.europesays.com\/fr\/wp-content\/uploads\/2025\/06\/144618-field_media_image-2925588-983836b7e0a60a5cf19c44fb72a3bde2de9f57df.webp.webp\" alt=\"\"\/><\/td>\n<\/tr>\n<tr>\n<td class=\"caption\">Fabio Quartararo (Yamaha) lors des essais du Grand Prix de France MotoGP au Mans, le 9 mai.<\/td>\n<\/tr>\n<tr align=\"right\">\n<td class=\"author\">Photo : AFP\/VNA\/CVN<\/td>\n<\/tr>\n<p style=\"text-align:left\">Marc Marquez devra aussi encore se m\u00e9fier de son fr\u00e8re Alex, son actuel dauphin au championnat, qui impressionne sur sa Ducati-Gresini et a remport\u00e9 chez lui en Espagne fin avril sa premi\u00e8re victoire en MotoGP.<\/p>\n<p style=\"text-align:left\">Si Johann Zarco aura de la peine \u00e0 r\u00e9\u00e9diter son exploit du Mans au guidon de sa modeste Honda-LCR, l&rsquo;autre Fran\u00e7ais engag\u00e9 en MotoGP, Fabio Quartararo, entend bien confirmer les progr\u00e8s affich\u00e9s r\u00e9cemment par sa Yamaha.<\/p>\n<p style=\"text-align:left\">Pole position en Espagne puis en France, le champion du monde 2021 attend encore de pouvoir concr\u00e9tiser en course. \u00ab\u00a0Je prends du plaisir maintenant \u00e0 piloter la moto et cela fait une grande diff\u00e9rence. J&rsquo;attends avec impatience d&rsquo;\u00eatre \u00e0 Silverstone o\u00f9 je vais encore tout donner. On verra si je peux me battre devant \u00e0 nouveau\u00a0\u00bb, esp\u00e8re le Ni\u00e7ois.<\/p>\n<p style=\"text-align:right\"><b>AFP\/VNA\/CVN<\/b><\/p>\n","protected":false},"excerpt":{"rendered":"Apr\u00e8s la victoire surprise sous la pluie du Fran\u00e7ais Johann Zarco (Honda-LCR) au Mans, le championnat du monde&hellip;\n","protected":false},"author":2,"featured_media":177157,"comment_status":"","ping_status":"","sticky":false,"template":"","format":"standard","meta":{"footnotes":""},"categories":[1413],"tags":[1011,27,2047,1457,1456,1458,31332,23125,60,10540],"class_list":{"0":"post-177156","1":"post","2":"type-post","3":"status-publish","4":"format-standard","5":"has-post-thumbnail","7":"category-moto","8":"tag-fr","9":"tag-france","10":"tag-mans","11":"tag-moto","12":"tag-motocycle","13":"tag-motogp","14":"tag-retour-a-la-normale","15":"tag-silverstone","16":"tag-sports","17":"tag-surprise"},"share_on_mastodon":{"url":"https:\/\/pubeurope.com\/@fr\/114684612263889444","error":""},"_links":{"self":[{"href":"https:\/\/www.europesays.com\/fr\/wp-json\/wp\/v2\/posts\/177156","targetHints":{"allow":["GET"]}}],"collection":[{"href":"https:\/\/www.europesays.com\/fr\/wp-json\/wp\/v2\/posts"}],"about":[{"href":"https:\/\/www.europesays.com\/fr\/wp-json\/wp\/v2\/types\/post"}],"author":[{"embeddable":true,"href":"https:\/\/www.europesays.com\/fr\/wp-json\/wp\/v2\/users\/2"}],"replies":[{"embeddable":true,"href":"https:\/\/www.europesays.com\/fr\/wp-json\/wp\/v2\/comments?post=177156"}],"version-history":[{"count":0,"href":"https:\/\/www.europesays.com\/fr\/wp-json\/wp\/v2\/posts\/177156\/revisions"}],"wp:featuredmedia":[{"embeddable":true,"href":"https:\/\/www.europesays.com\/fr\/wp-json\/wp\/v2\/media\/177157"}],"wp:attachment":[{"href":"https:\/\/www.europesays.com\/fr\/wp-json\/wp\/v2\/media?parent=177156"}],"wp:term":[{"taxonomy":"category","embeddable":true,"href":"https:\/\/www.europesays.com\/fr\/wp-json\/wp\/v2\/categories?post=177156"},{"taxonomy":"post_tag","embeddable":true,"href":"https:\/\/www.europesays.com\/fr\/wp-json\/wp\/v2\/tags?post=177156"}],"curies":[{"name":"wp","href":"https:\/\/api.w.org\/{rel}","templated":true}]}}