{"id":177166,"date":"2025-06-15T00:48:11","date_gmt":"2025-06-15T00:48:11","guid":{"rendered":"https:\/\/www.europesays.com\/fr\/177166\/"},"modified":"2025-06-15T00:48:11","modified_gmt":"2025-06-15T00:48:11","slug":"est-ce-la-faute-a-baudelaire-si-ce-sculpteur-nexpose-pas-dans-une-chapelle","status":"publish","type":"post","link":"https:\/\/www.europesays.com\/fr\/177166\/","title":{"rendered":"Est-ce la faute \u00e0 Baudelaire si ce sculpteur n\u2019expose pas dans une chapelle\u00a0?"},"content":{"rendered":"<p>\u00ab L\u2019art ne doit \u00e9carter rien ni personne. Comme la Mis\u00e9ricorde \u00bb, r\u00e9p\u00e9tait le pape Fran\u00e7ois. Le pontife, <a href=\"https:\/\/www.letelegramme.fr\/monde\/le-pape-francois-est-decede-a-lage-de-88-ans-6802556.php#:~:text=%C2%AB%20Ce%20matin%2C%20%C3%A0%207%20h,Vatican%20sur%20sa%20cha%C3%AEne%20Telegram.\" target=\"_blank\" rel=\"noopener\">d\u00e9c\u00e9d\u00e9 le 21 avril 2025<\/a>, n\u2019a pas fait \u00e9cole dans la paroisse Notre-Dame du Folgo\u00ebt-Abers-C\u00f4te des l\u00e9gendes. La nouvelle exposition du sculpteur nantais Bernard Nicolas devait \u00eatre install\u00e9e au sein de la chapelle Saint-Eloi, \u00e0 Ploudaniel, du 15 juillet au 15 ao\u00fbt 2025. Il vient d\u2019apprendre qu\u2019elle ne correspond pas \u00ab \u00e0 l\u2019esprit que notre dioc\u00e8se souhaite donner aux expositions estivales dans nos chapelles \u00bb, a estim\u00e9 la commission dioc\u00e9saine d\u2019art sacr\u00e9, dont les religieux de la paroisse avaient sollicit\u00e9 l\u2019avis.<\/p>\n<p>\u00ab Tr\u00e8s honor\u00e9e \u00bb<\/p>\n<p>Rien ne laissait pr\u00e9sager une telle issue. Au cours de l\u2019\u00e9t\u00e9 2024, le sculpteur, qui a notamment r\u00e9alis\u00e9 la Marianne de la mairie de Mol\u00e8ne (29), exposait d\u00e9j\u00e0 dans une chapelle, \u00e0 Loguivy-de-la-Mer (22). Ses \u0153uvres ont visiblement plu. En d\u00e9cembre 2024, il est appel\u00e9 par une membre de \u00ab Arz e chapeliou Bro L\u00e9on \u00bb (*). Cette association organise chaque \u00e9t\u00e9 un circuit culturel, m\u00ealant patrimoine et cr\u00e9ation contemporaine, dans seize chapelles du L\u00e9on. \u00ab Elle me disait \u00eatre \u00ab\u00a0tr\u00e8s honor\u00e9e\u00a0\u00bb de pouvoir accueillir l\u2019une de mes expositions au sein de la chapelle Saint-Eloi, \u00e0 Ploudaniel \u00bb, se souvient Bernard Nicolas.<\/p>\n<p>Personnages suppliants<\/p>\n<p>L\u2019artiste fait alors une proposition \u00e0 l\u2019association : s\u2019inspirer du vers de Baudelaire suivant : \u00ab On m\u2019a donn\u00e9 de la boue et j\u2019en ai fait de l\u2019or \u00bb. Ce choix rev\u00eat \u00e0 ses yeux une grande coh\u00e9rence : depuis une vingtaine d\u2019ann\u00e9es, il p\u00e9trit de l\u2019argile pour en faire des visages en c\u00e9ramique, auxquels il allie des corps de m\u00e9tal parfois habill\u00e9s d\u2019une feuille d\u2019or. Ses personnages, intrigants, suppliants, semblent rechercher la mis\u00e9ricorde de leurs semblables. Une convention tripartite est sign\u00e9e. Il se met au travail en janvier 2025 et fa\u00e7onne quinze sculptures.<\/p>\n<p>Veto de derni\u00e8re minute<\/p>\n<p>Mais toutes les parties ne l\u2019avaient pas paraph\u00e9e&#8230; Car, le 28 avril, un courrier l\u2019informe que la commission d\u2019art sacr\u00e9 dioc\u00e9saine a retoqu\u00e9 son projet \u00ab (qui) n\u2019entrait pas dans le cadre de ces expositions \u00bb. Bernard Nicolas tombe des nues, veut conna\u00eetre la raison de ce veto de derni\u00e8re minute. \u00ab La commission n\u2019a pas \u00e0 motiver son avis \u00bb, lui r\u00e9pond le d\u00e9l\u00e9gu\u00e9 dioc\u00e9sain Philippe Jamault. Contact\u00e9, le dioc\u00e8se indique que la d\u00e9cision \u00ab rel\u00e8ve de la responsabilit\u00e9 de l\u2019affectataire des lieux \u00bb. En clair, du pr\u00eatre de la paroisse.<\/p>\n<p>\u00ab Aspect morbide \u00bb<\/p>\n<p>Joint, le p\u00e8re Don Erwan Courgibet estime que \u00ab dans une chapelle, c\u2019est d\u00e9cal\u00e9 \u00bb. Il met en avant \u00ab un aspect figuratif qui (lui) a sembl\u00e9 morbide \u00bb. Prise entre deux feux, l\u2019association Arz e chapeliou Bro L\u00e9on reconna\u00eet simplement, par la voix de son pr\u00e9sident Jean-Yves Guillerm, qu\u2019\u00ab honn\u00eatement, nous pensions que \u00e7a devait aller \u00bb. Un peu embarrass\u00e9, il se propose d\u2019inviter Bernard Nicolas en 2026, \u00ab dans une chapelle d\u00e9sacralis\u00e9e ou tout autre lieu ad\u00e9quat \u00bb.<\/p>\n<p>\u00ab Je ne peux leur donner raison, ou tort \u00bb<\/p>\n<p>L\u2019artiste, pas rancunier, a accept\u00e9, mais cette absence d\u2019explication lui reste en travers de la gorge, lui qui a aussi expos\u00e9 dans des chapelles au c\u0153ur des Mauges, en Anjou. Il y voit la patte de <a href=\"https:\/\/www.letelegramme.fr\/bretagne\/toutes-les-infos\/des-pretres-renouent-avec-la-soutane-pour-nous-c-est-un-vetement-de-travail-4080795.php\" target=\"_blank\" rel=\"noopener\">la communaut\u00e9 Saint-Martin<\/a>, \u00e0 qui la paroisse a \u00e9t\u00e9 confi\u00e9e en septembre 2024. Les religieux de cette congr\u00e9gation renouent avec la soutane, se font appeler \u00ab Don \u00bb, sont souvent issus des scouts d\u2019Europe ou de l\u2019arm\u00e9e et adeptes de la messe en latin. \u00ab Nous avons nos crit\u00e8res; la paroisse les siens \u00bb, r\u00e9pond le pr\u00e9sident de \u00ab Arz E Chapeliou Bro L\u00e9on \u00bb<\/p>\n<p class=\"note\">* L\u2019art dans les chapelles du L\u00e9on<\/p>\n","protected":false},"excerpt":{"rendered":"\u00ab L\u2019art ne doit \u00e9carter rien ni personne. Comme la Mis\u00e9ricorde \u00bb, r\u00e9p\u00e9tait le pape Fran\u00e7ois. Le pontife,&hellip;\n","protected":false},"author":2,"featured_media":177167,"comment_status":"","ping_status":"","sticky":false,"template":"","format":"standard","meta":{"footnotes":""},"categories":[1358],"tags":[1348,1384,1385,829,251,1386,58,59,3321,1011,27,9815,31333,23054,23053,4020,3899],"class_list":{"0":"post-177166","1":"post","2":"type-post","3":"status-publish","4":"format-standard","5":"has-post-thumbnail","7":"category-arts-et-design","8":"tag-arts","9":"tag-arts-and-design","10":"tag-arts-et-design","11":"tag-bretagne","12":"tag-culture","13":"tag-design","14":"tag-divertissement","15":"tag-entertainment","16":"tag-finistere","17":"tag-fr","18":"tag-france","19":"tag-landerneau","20":"tag-le-folgoet","21":"tag-lesneven","22":"tag-ploudaniel","23":"tag-religion","24":"tag-sculpture"},"share_on_mastodon":{"url":"https:\/\/pubeurope.com\/@fr\/114684631700459277","error":""},"_links":{"self":[{"href":"https:\/\/www.europesays.com\/fr\/wp-json\/wp\/v2\/posts\/177166","targetHints":{"allow":["GET"]}}],"collection":[{"href":"https:\/\/www.europesays.com\/fr\/wp-json\/wp\/v2\/posts"}],"about":[{"href":"https:\/\/www.europesays.com\/fr\/wp-json\/wp\/v2\/types\/post"}],"author":[{"embeddable":true,"href":"https:\/\/www.europesays.com\/fr\/wp-json\/wp\/v2\/users\/2"}],"replies":[{"embeddable":true,"href":"https:\/\/www.europesays.com\/fr\/wp-json\/wp\/v2\/comments?post=177166"}],"version-history":[{"count":0,"href":"https:\/\/www.europesays.com\/fr\/wp-json\/wp\/v2\/posts\/177166\/revisions"}],"wp:featuredmedia":[{"embeddable":true,"href":"https:\/\/www.europesays.com\/fr\/wp-json\/wp\/v2\/media\/177167"}],"wp:attachment":[{"href":"https:\/\/www.europesays.com\/fr\/wp-json\/wp\/v2\/media?parent=177166"}],"wp:term":[{"taxonomy":"category","embeddable":true,"href":"https:\/\/www.europesays.com\/fr\/wp-json\/wp\/v2\/categories?post=177166"},{"taxonomy":"post_tag","embeddable":true,"href":"https:\/\/www.europesays.com\/fr\/wp-json\/wp\/v2\/tags?post=177166"}],"curies":[{"name":"wp","href":"https:\/\/api.w.org\/{rel}","templated":true}]}}