{"id":177172,"date":"2025-06-15T00:51:11","date_gmt":"2025-06-15T00:51:11","guid":{"rendered":"https:\/\/www.europesays.com\/fr\/177172\/"},"modified":"2025-06-15T00:51:11","modified_gmt":"2025-06-15T00:51:11","slug":"miley-cyrus-doit-son-plus-gros-tube-a-cette-celebre-chanteuse-francaise","status":"publish","type":"post","link":"https:\/\/www.europesays.com\/fr\/177172\/","title":{"rendered":"Miley Cyrus doit son plus gros tube \u00e0 cette c\u00e9l\u00e8bre chanteuse fran\u00e7aise"},"content":{"rendered":"<p><img decoding=\"async\" class=\"caas-img has-preview\" alt=\"Abaca\" bad-src=\"https:\/\/www.europesays.com\/fr\/wp-content\/uploads\/2025\/06\/9607dcd3d48547b112d2671bb349a953.jpeg\" src=\"https:\/\/www.europesays.com\/fr\/wp-content\/uploads\/2025\/06\/9607dcd3d48547b112d2671bb349a953.jpeg\"\/><\/p>\n<p>Abaca<\/p>\n<p>AbacaMiley Cyrus est de retour dans les bacs avec <a class=\"link \" href=\"https:\/\/www.chartsinfrance.net\/actualite\/news-132730.html\" rel=\"nofollow noopener\" target=\"_blank\" data-ylk=\"slk:l&#039;album concept &quot;Something Beautiful&quot;;elm:context_link;itc:0;sec:content-canvas\">l&rsquo;album concept \u00ab\u00a0Something Beautiful\u00a0\u00bb<\/a>. Emmen\u00e9 par le petit tube en puissance <a class=\"link \" href=\"https:\/\/www.chartsinfrance.net\/actualite\/news-132094.html\" rel=\"nofollow noopener\" target=\"_blank\" data-ylk=\"slk:&quot;End of the World&quot;;elm:context_link;itc:0;sec:content-canvas\">\u00ab\u00a0End of the World\u00a0\u00bb<\/a>, le disque conna\u00eet <a class=\"link \" href=\"https:\/\/www.chartsinfrance.net\/actualite\/news-132836.html\" rel=\"nofollow noopener\" target=\"_blank\" data-ylk=\"slk:un d\u00e9marrage moins explosif qu&#039;attendu;elm:context_link;itc:0;sec:content-canvas\">un d\u00e9marrage moins explosif qu&rsquo;attendu<\/a> (il a loup\u00e9 la premi\u00e8re place des charts am\u00e9ricains et anglais) et a \u00e9t\u00e9 accueilli ti\u00e8dement par la presse. Qu&rsquo;\u00e0 cela ne tienne, la popstar multiplie les interviews pour d\u00e9fendre cette nouvelle oeuvre aussi musicale que visuelle, un film \u00e9tant diffus\u00e9 dans les cin\u00e9mas du monde entier. \u00ab C&rsquo;est une c\u00e9l\u00e9bration de la musique pop sous toutes ses formes. Chaque visuel est un moment diff\u00e9rent o\u00f9 j&rsquo;honore un personnage unique ou un point de vue sur la pop, et tous les genres que j&rsquo;ai explor\u00e9s au cours des albums pr\u00e9c\u00e9dents \u00bb explique-t-elle sur les ondes de <a class=\"link \" href=\"https:\/\/www.nrj.fr\/artistes\/miley-cyrus\/actus\/miley-cyrus-cette-star-francaise-qui-la-inspiree-pour-son-hit-flowers-71364658\" rel=\"nofollow noopener\" target=\"_blank\" data-ylk=\"slk:NRJ;elm:context_link;itc:0;sec:content-canvas\">NRJ<\/a>.<\/p>\n<p>\u00ab\u00a0Je ne sais pas si je l&rsquo;aurais \u00e9crit sans son influence\u00a0\u00bb<\/p>\n<p>Si elle laisse entrevoir <a class=\"link \" href=\"https:\/\/www.chartsinfrance.net\/actualite\/news-132512.html\" rel=\"nofollow noopener\" target=\"_blank\" data-ylk=\"slk:sa possible venue au concert de Beyonc\u00e9 au Stade de France;elm:context_link;itc:0;sec:content-canvas\">sa possible venue au concert de Beyonc\u00e9 au Stade de France<\/a> (\u00ab J&rsquo;ai un \u00e9v\u00e9nement \u00e0 Paris sur mon calendrier \u00bb), la chanteuse am\u00e9ricaine r\u00e9v\u00e8le avoir tiss\u00e9 un lien fort avec notre pays, et notamment avec une de ses plus c\u00e9l\u00e8bres chanteuses. En effet, Miley Cyrus assure \u00e0 NRJ que son plus gros tube <a class=\"link \" href=\"https:\/\/www.chartsinfrance.net\/actualite\/news-123677.html\" rel=\"nofollow noopener\" target=\"_blank\" data-ylk=\"slk:&quot;Flowers&quot;;elm:context_link;itc:0;sec:content-canvas\">\u00ab\u00a0Flowers\u00a0\u00bb<\/a> a \u00e9t\u00e9 inspir\u00e9 par&#8230; Vanessa&#8230;<\/p>\n<p><a href=\"https:\/\/www.chartsinfrance.net\/Miley-Cyrus\/news-132864.html\" rel=\"nofollow noopener\" target=\"_blank\" data-ylk=\"slk:Cliquez ici pour voir la suite;elm:context_link;itc:0;sec:content-canvas\" class=\"link \">Cliquez ici pour voir la suite<\/a><\/p>\n<p>A lire aussi :<\/p>\n<p><a href=\"https:\/\/www.chartsinfrance.net\/Miley-Cyrus\/news-132730.html\" rel=\"nofollow noopener\" target=\"_blank\" data-ylk=\"slk:Miley Cyrus : on a \u00e9cout\u00e9 son nouvel album !;elm:context_link;itc:0;sec:content-canvas\" class=\"link \">Miley Cyrus : on a \u00e9cout\u00e9 son nouvel album !<\/a><br \/><a href=\"https:\/\/www.chartsinfrance.net\/Miley-Cyrus\/news-132094.html\" rel=\"nofollow noopener\" target=\"_blank\" data-ylk=\"slk:Miley Cyrus : deux clips pour le prix d&#039;un !;elm:context_link;itc:0;sec:content-canvas\" class=\"link \">Miley Cyrus : deux clips pour le prix d&rsquo;un !<\/a><br \/><a href=\"https:\/\/www.chartsinfrance.net\/Miley-Cyrus\/news-132020.html\" rel=\"nofollow noopener\" target=\"_blank\" data-ylk=\"slk:Miley Cyrus annonce son nouvel album !;elm:context_link;itc:0;sec:content-canvas\" class=\"link \">Miley Cyrus annonce son nouvel album !<\/a><\/p>\n","protected":false},"excerpt":{"rendered":"Abaca AbacaMiley Cyrus est de retour dans les bacs avec l&rsquo;album concept \u00ab\u00a0Something Beautiful\u00a0\u00bb. Emmen\u00e9 par le petit&hellip;\n","protected":false},"author":2,"featured_media":177173,"comment_status":"","ping_status":"","sticky":false,"template":"","format":"standard","meta":{"footnotes":""},"categories":[1355],"tags":[31336,31337,58,31334,59,1011,27,1361,873,9104,31335],"class_list":{"0":"post-177172","1":"post","2":"type-post","3":"status-publish","4":"format-standard","5":"has-post-thumbnail","7":"category-musique","8":"tag-abaca","9":"tag-abacamiley-cyrus","10":"tag-divertissement","11":"tag-end-of-the-world","12":"tag-entertainment","13":"tag-fr","14":"tag-france","15":"tag-music","16":"tag-musique","17":"tag-nrj","18":"tag-something-beautiful"},"share_on_mastodon":{"url":"https:\/\/pubeurope.com\/@fr\/114684643524521691","error":""},"_links":{"self":[{"href":"https:\/\/www.europesays.com\/fr\/wp-json\/wp\/v2\/posts\/177172","targetHints":{"allow":["GET"]}}],"collection":[{"href":"https:\/\/www.europesays.com\/fr\/wp-json\/wp\/v2\/posts"}],"about":[{"href":"https:\/\/www.europesays.com\/fr\/wp-json\/wp\/v2\/types\/post"}],"author":[{"embeddable":true,"href":"https:\/\/www.europesays.com\/fr\/wp-json\/wp\/v2\/users\/2"}],"replies":[{"embeddable":true,"href":"https:\/\/www.europesays.com\/fr\/wp-json\/wp\/v2\/comments?post=177172"}],"version-history":[{"count":0,"href":"https:\/\/www.europesays.com\/fr\/wp-json\/wp\/v2\/posts\/177172\/revisions"}],"wp:featuredmedia":[{"embeddable":true,"href":"https:\/\/www.europesays.com\/fr\/wp-json\/wp\/v2\/media\/177173"}],"wp:attachment":[{"href":"https:\/\/www.europesays.com\/fr\/wp-json\/wp\/v2\/media?parent=177172"}],"wp:term":[{"taxonomy":"category","embeddable":true,"href":"https:\/\/www.europesays.com\/fr\/wp-json\/wp\/v2\/categories?post=177172"},{"taxonomy":"post_tag","embeddable":true,"href":"https:\/\/www.europesays.com\/fr\/wp-json\/wp\/v2\/tags?post=177172"}],"curies":[{"name":"wp","href":"https:\/\/api.w.org\/{rel}","templated":true}]}}