{"id":177174,"date":"2025-06-15T00:52:11","date_gmt":"2025-06-15T00:52:11","guid":{"rendered":"https:\/\/www.europesays.com\/fr\/177174\/"},"modified":"2025-06-15T00:52:11","modified_gmt":"2025-06-15T00:52:11","slug":"tourner-ces-images-pour-temoigner-de-la-realite-du-genocide-a-gaza-delphine-noels-realisatrice-lhumanite","status":"publish","type":"post","link":"https:\/\/www.europesays.com\/fr\/177174\/","title":{"rendered":"\u00ab Tourner ces images pour t\u00e9moigner de la r\u00e9alit\u00e9 du g\u00e9nocide \u00e0 Gaza \u00bb, Delphine Noels, r\u00e9alisatrice &#8211; L&#039;Humanit\u00e9"},"content":{"rendered":"<ol>\n<li><a href=\"https:\/\/news.google.com\/rss\/articles\/CBMi2gFBVV95cUxOeC1DN0RaQ1hiTV9CSEZCM2RQNTRwLVBJeUdzS3ZLSmt4SUxBN3RwUFB5aFMxaXFienpxNHI4dS1pMWdYR18yN1ZvTnN4dk1WSk00MURzdlFZV1QzZzlKYUluSnNJTGlfY3Z1YWFKVExDSlBWYTBpWEVmNzYzWWZ1MGVGTHVKamw1azdlZkRWTW53Q09UVzBOdW0xZjN1emdUYUxRdENsOHlOazZiSnE5eXlveWkzMFRYeFczSEtvaUZ3YXVleUtXeVRaeG9qT19qcUhjV1dFOC1kQQ?oc=5\" target=\"_blank\" rel=\"noopener\">\u00ab Tourner ces images pour t\u00e9moigner de la r\u00e9alit\u00e9 du g\u00e9nocide \u00e0 Gaza \u00bb, Delphine Noels, r\u00e9alisatrice<\/a>&nbsp;&nbsp;L&rsquo;Humanit\u00e9<\/li>\n<li><a href=\"https:\/\/news.google.com\/rss\/articles\/CBMivAFBVV95cUxOSTU1TFpQeDRnajZTTVVjZl9JelV3R2JCT1BSYVduajJXNGxRR1VIaEt4NXBrWUZVMFB1dDRhNDJNRmtjcllwaERtZVMyN19uQVM5VGh4NGlYd3h6VXg4ZEtsbVl3QVJZTGoxYVRhWnpRYkliMXB6SV9Bc0dWeXFrSzFxMktBYlpUUkJUUmIybkxDazE3M2tRX3ViTHZkUE1RM2QyYm9Ob1h1U3pIaVYwQnM3VHUwRy1OaUlneg?oc=5\" target=\"_blank\" rel=\"noopener\">\u00ab Le syst\u00e8me m\u00e9dical isra\u00e9lien bafoue les principes \u00e9thiques les plus fondamentaux \u00bb<\/a>&nbsp;&nbsp;La Croix<\/li>\n<li><a href=\"https:\/\/news.google.com\/rss\/articles\/CBMixwFBVV95cUxNMnAxUWxPSENQN2s2M0toek1ma0pEUHNSMnFiY0JSVU1SUXdhT0tnaFVCWF96WlBteHdXQVo2d01KTmttMS1IbUZtRXNmSl9yclJhZjI5U0o2eW95Yi1tZG83c1ZUUURqazcwQzRrU0hqZDdERVc3dml2ZHdmcEt4Ullib0g5MU5RT183Tk5PV2p1RUhEQjZsNnd2R3U4S3ViTlA1WVc1eWF5Q25IMEpzSV94WDlOcjVnbTNKeTFjZU42dVh3SVhR?oc=5\" target=\"_blank\" rel=\"noopener\">Une p\u00e9diatre d\u00e9nonce des \u00ab\u00a0attaques syst\u00e9matiques\u00a0\u00bb isra\u00e9liennes \u00e0 Gaza comme un \u00ab\u00a0nettoyage ethnique\u00a0\u00bb<\/a>&nbsp;&nbsp;rts.ch<\/li>\n<li><a href=\"https:\/\/news.google.com\/rss\/articles\/CBMi0gFBVV95cUxPbUFhVnZCbXc4Vm5FTE9aRUttMmlYYnhTb0JFRHNQc0IxVnJFbXd5dkNWSmV5U184bHh6NmtnVUZzSlFVMk1MeEQzQmdCQm1iZlc5WnpVNURzRnlKV3dNd2JrNDU1N3dHYlpjTVVOQWVhdXY4b3lVaHhsUU9nSk11VF9DS0U4TkM1bWtjVUI3cnd5SFp5eTVjNjFFYjBpRk45SmhVdzRwblBoZkFoN2daNFU1cFBTRmtzTmRQTUd5MzM5ekczUVgwZjBsUy1iWmxrV0E?oc=5\" target=\"_blank\" rel=\"noopener\">Les h\u00f4pitaux de Gaza d\u00e9pass\u00e9s par l&rsquo;afflux de personnes bless\u00e9es par balles<\/a>&nbsp;&nbsp;RFI<\/li>\n<li><a href=\"https:\/\/news.google.com\/rss\/articles\/CBMiVkFVX3lxTE1mVzltZmJvaTlEaGlaZ29ETWFaN0N3Y2U1dTdkQ21Wa2RzZ3hNRlVYRFRRMFNoUXo2b2NwdDN6NW80LWJVTFlTT2g2Ulo5LXV5d0hVRDln?oc=5\" target=\"_blank\" rel=\"noopener\">Le Croissant-Rouge palestinien alerte : acc\u00e8s aux soins bloqu\u00e9 en Cisjordanie<\/a>&nbsp;&nbsp;\u0648\u0641\u0627<\/li>\n<\/ol>\n","protected":false},"excerpt":{"rendered":"\u00ab Tourner ces images pour t\u00e9moigner de la r\u00e9alit\u00e9 du g\u00e9nocide \u00e0 Gaza \u00bb, Delphine Noels, r\u00e9alisatrice&nbsp;&nbsp;L&rsquo;Humanit\u00e9 \u00ab&hellip;\n","protected":false},"author":2,"featured_media":177175,"comment_status":"","ping_status":"","sticky":false,"template":"","format":"standard","meta":{"footnotes":""},"categories":[1354],"tags":[27424,58,59,1346,1011,27,15130,1360],"class_list":{"0":"post-177174","1":"post","2":"type-post","3":"status-publish","4":"format-standard","5":"has-post-thumbnail","7":"category-films","8":"tag-armu00e9e-israu00e9lienne","9":"tag-divertissement","10":"tag-entertainment","11":"tag-films","12":"tag-fr","13":"tag-france","14":"tag-guerre-u00e0-gaza","15":"tag-movies"},"share_on_mastodon":{"url":"https:\/\/pubeurope.com\/@fr\/114684647648027851","error":""},"_links":{"self":[{"href":"https:\/\/www.europesays.com\/fr\/wp-json\/wp\/v2\/posts\/177174","targetHints":{"allow":["GET"]}}],"collection":[{"href":"https:\/\/www.europesays.com\/fr\/wp-json\/wp\/v2\/posts"}],"about":[{"href":"https:\/\/www.europesays.com\/fr\/wp-json\/wp\/v2\/types\/post"}],"author":[{"embeddable":true,"href":"https:\/\/www.europesays.com\/fr\/wp-json\/wp\/v2\/users\/2"}],"replies":[{"embeddable":true,"href":"https:\/\/www.europesays.com\/fr\/wp-json\/wp\/v2\/comments?post=177174"}],"version-history":[{"count":0,"href":"https:\/\/www.europesays.com\/fr\/wp-json\/wp\/v2\/posts\/177174\/revisions"}],"wp:featuredmedia":[{"embeddable":true,"href":"https:\/\/www.europesays.com\/fr\/wp-json\/wp\/v2\/media\/177175"}],"wp:attachment":[{"href":"https:\/\/www.europesays.com\/fr\/wp-json\/wp\/v2\/media?parent=177174"}],"wp:term":[{"taxonomy":"category","embeddable":true,"href":"https:\/\/www.europesays.com\/fr\/wp-json\/wp\/v2\/categories?post=177174"},{"taxonomy":"post_tag","embeddable":true,"href":"https:\/\/www.europesays.com\/fr\/wp-json\/wp\/v2\/tags?post=177174"}],"curies":[{"name":"wp","href":"https:\/\/api.w.org\/{rel}","templated":true}]}}