{"id":17718,"date":"2025-04-11T16:22:08","date_gmt":"2025-04-11T16:22:08","guid":{"rendered":"https:\/\/www.europesays.com\/fr\/17718\/"},"modified":"2025-04-11T16:22:08","modified_gmt":"2025-04-11T16:22:08","slug":"la-course-avant-la-course-le-marathon-de-paris-2025-commence-avec-la-quete-de-son-dossard","status":"publish","type":"post","link":"https:\/\/www.europesays.com\/fr\/17718\/","title":{"rendered":"La course avant la course : le marathon de Paris 2025 commence avec la qu\u00eate de son dossard"},"content":{"rendered":"<p class=\"paragraph text_align_left\">Ils se sont tous donn\u00e9 rendez-vous au Parc des Expositions \u00e0 la Porte de Versailles, dans le sud de Paris. Et ce, m\u00eame bien avant l\u2019ouverture. Comme d\u2019habitude, les participants inscrits pour le <a href=\"https:\/\/www.leparisien.fr\/sports\/marathon-de-paris-2025-la-carte-et-le-parcours-de-la-course-du-dimanche-13-avril-devoiles-17-03-2025-PFAAL7X53ZFD7O5RXXL4ZBUB6Y.php\" target=\"_blank\" rel=\"noopener\">Marathon de Paris<\/a> ont trois jours pour retirer leur dossard qui va leur permettre d\u2019accomplir un v\u00e9ritable d\u00e9fi personnel auquel ils se pr\u00e9parent depuis de longues semaines. Dans les t\u00eates, le r\u00eave fait enfin place au concret.<\/p>\n<p class=\"paragraph text_align_left\">Les portes du salon du <a href=\"https:\/\/www.leparisien.fr\/sports\/running\/marathon-de-paris-124-millions-de-runners-et-une-pratique-de-plus-en-plus-assidue-la-folie-running-ne-faiblit-pas-11-04-2025-YTBXD3OXLBF3LHWVIS2WRTG424.php\" target=\"_blank\" rel=\"noopener\">running<\/a>, le Run Experience, ne sont pas encore ouvertes et la file interminable de personnes venue chercher le fameux s\u00e9same n\u2019en finit plus. Alors on se prend en photo et on papote de chronos persos en attendant. A l\u2019int\u00e9rieur, les stands de retraits sont class\u00e9s par temps, des Elite \u00e0 ceux qui envisagent de mettre au moins 4h30\u2032 pour parcourir les 42 bornes et quelques\u2026<\/p>\n<blockquote class=\"twitter-tweet\">\n<p lang=\"fr\" dir=\"ltr\">Les lumi\u00e8res s&rsquo;\u00e9teignent sur Run Experience \ud83d\udc4b<br \/>On te donne rendez-vous demain de 10h \u00e0 20h \ud83e\udd70<\/p>\n<p>Lights out on Run Experience \ud83d\udc4b<br \/>See you tomorrow from 10am to 8pm \ud83e\udd70 <a href=\"https:\/\/t.co\/M3Iu5dny7p\">pic.twitter.com\/M3Iu5dny7p<\/a><\/p>\n<p>\u2014 Schneider Electric Marathon de Paris (@parismarathon) <a href=\"https:\/\/twitter.com\/parismarathon\/status\/1910392335675859203?ref_src=twsrc%5Etfw\" target=\"_blank\" rel=\"noopener\">April 10, 2025<\/a><\/p><\/blockquote>\n<p class=\"paragraph text_align_left\">Avec un quart d\u2019heure de retard, c\u2019est enfin la d\u00e9livrance, dans une ambiance digne d\u2019un premier jour de soldes dans un grand magasin du centre de Paris. Chaque coureur a en mains, sur papier ou sur son t\u00e9l\u00e9phone portable, le QR code avec le num\u00e9ro de dossard envoy\u00e9 il y a quelques jours par l\u2019organisation, ainsi que sa pi\u00e8ce d\u2019identit\u00e9. Impossible de se faire passer pour quelqu\u2019un d\u2019autre.<\/p>\n<p>Premier r\u00e9flexe, une fois le dossard en poche\u00a0: se prendre en photo<\/p>\n<p class=\"paragraph text_align_left\">Venu de Saclay (Essonne), Franck s\u2019est de suite dirig\u00e9 vers la gauche, la zone des plus ambitieux. \u00ab\u00a0Pour mon 3e marathon, je vise les 3h 10\u2032, raconte cet habitu\u00e9 des courses longues de 56 ans. C\u2019est un moment que j\u2019attendais avec impatience car je sors tout juste d\u2019un arr\u00eat d\u2019un an d\u00fb \u00e0 une fracture de l\u2019hum\u00e9rus. Aller chercher son dossard est un moment essentiel. C\u2019est la transition entre l\u2019entra\u00eenement et la course. Je suis enfin dedans.\u00a0\u00bb<\/p>\n<p class=\"paragraph text_align_left\">Une fois le dossard en poche, le premier r\u00e9flexe est de se faire prendre en photo avec le bout de papier tant d\u00e9sir\u00e9 depuis des semaines. Certains tra\u00eenent en rigolant avant de claquer leurs \u00e9conomies parmi les dizaines de stands sp\u00e9cialis\u00e9s dans le running mis \u00e0 leur disposition. \u00ab\u00a0On se met dans l\u2019ambiance, sourit Sacha, Parisien. C\u2019est formidable de pouvoir sentir cette effervescence. Je croise des gens que je connais, m\u00eame parmi les vendeurs. On sait pr\u00e9cis\u00e9ment de quoi on parle.\u00a0\u00bb<\/p>\n<p class=\"paragraph text_align_left\">Les yeux brillants, Enzo papillonne. Ce tr\u00e8s jeune \u00e9tudiant vient de Reims (Marne) et va disputer le premier marathon de sa jeune carri\u00e8re de coureur de fond\u00a0: \u00ab\u00a0Le r\u00e8glement dit que l\u2019on doit avoir vingt ans pour disputer la course. Je les ai depuis deux semaines, quoi de mieux comme cadeau d\u2019anniversaire\u00a0? J\u2019avais fait le Semi de Paris \u00e0 18 ans, j\u2019attends de voir ce que \u00e7a va donner sur la distance mythique. On me dit que ce n\u2019est pas faisable \u00e0 mon \u00e2ge mais j\u2019ai confiance en moi. \u00c7a ne me fait pas peur.\u00a0\u00bb<\/p>\n<p>\u00ab\u00a0Je suis dans ma course depuis deux semaines\u00a0\u00bb<\/p>\n<p class=\"paragraph text_align_left\">Parmi les tra\u00eenards qui essaient la derni\u00e8re chaussure cens\u00e9e donner encore plus de rebond ou <a href=\"https:\/\/www.leparisien.fr\/sports\/marathon-de-paris-2025-la-carte-et-le-parcours-de-la-course-du-dimanche-13-avril-devoiles-17-03-2025-PFAAL7X53ZFD7O5RXXL4ZBUB6Y.php\" target=\"_blank\" rel=\"noopener\">la barre \u00e9nerg\u00e9tique<\/a> qui va les booster au mur des 30\u00a0km, Yann fait profil bas. \u00ab\u00a0C\u2019est le moment o\u00f9 j\u2019essaie d\u2019optimiser au maximum, raconte l\u2019homme aux 30 marathons. Pour moi il est primordial de venir chercher son dossard le plus t\u00f4t, \u00e7a \u00e9vite de pi\u00e9tiner le samedi et de perdre de l\u2019\u00e9nergie. Je suis dans ma course depuis deux semaines\u00a0\u00bb. Il vise 2h 40\u2032, \u00ab\u00a0sans optimisme ni pessimisme\u00a0\u00bb.<\/p>\n<p class=\"paragraph text_align_left\">\u00c0 la sortie, plusieurs stands de retrait de dossards accueillent une cat\u00e9gorie de participants bien particuliers. Pr\u00e9alablement inscrits avec un tarif de 85 \u20ac (de 140 \u00e0 170 \u20ac pour les autres), ils se sont engag\u00e9s \u00e0 r\u00e9colter 420 \u20ac revers\u00e9s \u00e0 une cause solidaire, comme la Croix rouge ou le Secours populaire\u00a0: \u00ab\u00a0Cela se d\u00e9veloppe depuis l\u2019apr\u00e8s Covid, explique Antoine, qui s\u2019occupe de la Lutte contre le cancer. Les gens veulent donner un sens \u00e0 leur effort.\u00a0\u00bb \u00c0 l\u2019entr\u00e9e, le flot continue. Il va durer jusqu\u2019\u00e0 ce samedi, 19\u00a0heures.<\/p>\n<p><script async src=\"https:\/\/platform.twitter.com\/widgets.js\" charset=\"utf-8\"><\/script><\/p>\n","protected":false},"excerpt":{"rendered":"Ils se sont tous donn\u00e9 rendez-vous au Parc des Expositions \u00e0 la Porte de Versailles, dans le sud&hellip;\n","protected":false},"author":2,"featured_media":17719,"comment_status":"","ping_status":"","sticky":false,"template":"","format":"standard","meta":{"footnotes":""},"categories":[1888],"tags":[11,1777,674,1011,27,12,626,25,7135,60],"class_list":{"0":"post-17718","1":"post","2":"type-post","3":"status-publish","4":"format-standard","5":"has-post-thumbnail","7":"category-paris","8":"tag-actualites","9":"tag-eu","10":"tag-europe","11":"tag-fr","12":"tag-france","13":"tag-news","14":"tag-paris","15":"tag-republique-francaise","16":"tag-running","17":"tag-sports"},"share_on_mastodon":{"url":"https:\/\/pubeurope.com\/@fr\/114320254167304203","error":""},"_links":{"self":[{"href":"https:\/\/www.europesays.com\/fr\/wp-json\/wp\/v2\/posts\/17718","targetHints":{"allow":["GET"]}}],"collection":[{"href":"https:\/\/www.europesays.com\/fr\/wp-json\/wp\/v2\/posts"}],"about":[{"href":"https:\/\/www.europesays.com\/fr\/wp-json\/wp\/v2\/types\/post"}],"author":[{"embeddable":true,"href":"https:\/\/www.europesays.com\/fr\/wp-json\/wp\/v2\/users\/2"}],"replies":[{"embeddable":true,"href":"https:\/\/www.europesays.com\/fr\/wp-json\/wp\/v2\/comments?post=17718"}],"version-history":[{"count":0,"href":"https:\/\/www.europesays.com\/fr\/wp-json\/wp\/v2\/posts\/17718\/revisions"}],"wp:featuredmedia":[{"embeddable":true,"href":"https:\/\/www.europesays.com\/fr\/wp-json\/wp\/v2\/media\/17719"}],"wp:attachment":[{"href":"https:\/\/www.europesays.com\/fr\/wp-json\/wp\/v2\/media?parent=17718"}],"wp:term":[{"taxonomy":"category","embeddable":true,"href":"https:\/\/www.europesays.com\/fr\/wp-json\/wp\/v2\/categories?post=17718"},{"taxonomy":"post_tag","embeddable":true,"href":"https:\/\/www.europesays.com\/fr\/wp-json\/wp\/v2\/tags?post=17718"}],"curies":[{"name":"wp","href":"https:\/\/api.w.org\/{rel}","templated":true}]}}