{"id":177180,"date":"2025-06-15T00:55:10","date_gmt":"2025-06-15T00:55:10","guid":{"rendered":"https:\/\/www.europesays.com\/fr\/177180\/"},"modified":"2025-06-15T00:55:10","modified_gmt":"2025-06-15T00:55:10","slug":"eric-dane-au-bord-des-larmes-en-evoquant-sa-maladie-incurable","status":"publish","type":"post","link":"https:\/\/www.europesays.com\/fr\/177180\/","title":{"rendered":"Eric Dane au bord des larmes en \u00e9voquant sa maladie incurable"},"content":{"rendered":"<p>L\u2019acteur d\u2019Euphoria et surtout de Grey\u2019s Anatomy a annonc\u00e9 \u00eatre atteint de la maladie de Charcot. Il t\u00e9moigne pour la premi\u00e8re fois \u00e0 la t\u00e9l\u00e9vision, sur ABC.<\/p>\n<p class=\"fig-paragraph\">Il a \u00e9t\u00e9 le Dr Glamour, Marc Sloan, de sa premi\u00e8re apparition dans la saison 2 de\u00a0<a href=\"http:\/\/tvmag.lefigaro.fr\/programme-tv\/people\/cela-n-aurait-aucun-sens-financierement-ellen-pompeo-explique-pourquoi-elle-ne-quittera-jamais-grey-s-anatomy-20250416\" target=\"_blank\" data-fig-type=\"Article\" rel=\"noopener\" data-gtm-custom-categorie=\"navigation\" data-gtm-custom-action=\"crossclick\" data-gtm-custom-label=\"Contextuel\" data-gtm-event=\"customEventSPE\" data-fig-domain=\"TVMAG\">Grey\u2019s Anatomy<\/a>\u00a0jusqu\u2019\u00e0 la mort tragique de son personnage au d\u00e9but de la saison 9. Eric Dane a r\u00e9v\u00e9l\u00e9 en avril dernier\u00a0<a href=\"http:\/\/tvmag.lefigaro.fr\/programme-tv\/actu-tele\/eric-dane-grey-s-anatomy-revele-etre-atteint-de-la-maladie-de-charcot-a-52-ans-20250411\" target=\"_blank\" data-fig-type=\"Article\" rel=\"noopener\" data-gtm-custom-categorie=\"navigation\" data-gtm-custom-action=\"crossclick\" data-gtm-custom-label=\"Contextuel\" data-gtm-event=\"customEventSPE\" data-fig-domain=\"TVMAG\">\u00eatre atteint de la maladie de Charcot<\/a>. \u00abJe suis reconnaissant d\u2019avoir une famille aimante \u00e0 mes c\u00f4t\u00e9s, qui m\u2019aide \u00e0 appr\u00e9hender ce nouveau chapitre de ma vie\u00bb,\u00a0avait-il d\u00e9clar\u00e9 au magazine People. Il a donn\u00e9 ce jeudi 12 juin sa premi\u00e8re interview t\u00e9l\u00e9vis\u00e9e depuis l\u2019annonce de son diagnostic.<\/p>\n<p class=\"fig-paragraph\">Si l\u2019\u00e9mission Good Morning America ne sera en r\u00e9alit\u00e9 diffus\u00e9e que lundi prochain sur ABC, un extrait est d\u00e9j\u00e0 en ligne. L\u2019acteur, qui a \u00e9galement jou\u00e9 dans Charmed et est aujourd\u2019hui au casting d\u2019une autre s\u00e9rie, Euphoria, expose d\u00e9j\u00e0 son \u00e9motion. Face \u00e0 l\u2019animatrice Diane Sawyer, il t\u00e9moigne\u00a0: \u00abJe me r\u00e9veille chaque matin et je me rappelle imm\u00e9diatement que c\u2019est en train de se produire, que je ne suis pas dans un r\u00eave\u00bb.<\/p>\n<p>Une maladie incurable<\/p>\n<p class=\"fig-paragraph\">La\u00a0<a href=\"http:\/\/www.lefigaro.fr\/actualite-france\/cancer-alzheimer-maladie-de-charcot-un-droit-a-l-aide-a-mourir-pour-qui-20250518\" target=\"_blank\" data-fig-type=\"Article\" rel=\"noopener\" data-gtm-custom-categorie=\"navigation\" data-gtm-custom-action=\"crossclick\" data-gtm-custom-label=\"Contextuel\" data-gtm-event=\"customEventSPE\" data-fig-domain=\"LEFIGARO\">maladie de Charcot<\/a>, qui affecte le cerveau et la moelle \u00e9pini\u00e8re, est incurable. Pourtant Eric Dane ne renonce pas. \u00abJe ne pense pas que ce soit la fin de mon histoire. Je n\u2019ai pas l\u2019impression que ce soit la fin pour moi\u00bb, assure le com\u00e9dien de 52 ans. Les larmes commencent \u00e0 monter quand il s\u2019appr\u00eate \u00e0 \u00e9voquer la personne \u00e0 qui il a confi\u00e9 la gravit\u00e9 de son \u00e9tat.<\/p>\n<p class=\"fig-paragraph\">Eric Dane est p\u00e8re de deux filles. Billie Beatrice, \u00e2g\u00e9e aujourd\u2019hui de 15 ans et Geraldine, 13 ans, qu\u2019il a eu avec l\u2019actrice de Beverly Hills 90210 Rebecca Gayheart.<\/p>\n","protected":false},"excerpt":{"rendered":"L\u2019acteur d\u2019Euphoria et surtout de Grey\u2019s Anatomy a annonc\u00e9 \u00eatre atteint de la maladie de Charcot. Il t\u00e9moigne&hellip;\n","protected":false},"author":2,"featured_media":177181,"comment_status":"","ping_status":"","sticky":false,"template":"","format":"standard","meta":{"footnotes":""},"categories":[8],"tags":[976,1000,58,59,1011,27,1714,1718,12503,1713,973,1717,1715,1716,521],"class_list":{"0":"post-177180","1":"post","2":"type-post","3":"status-publish","4":"format-standard","5":"has-post-thumbnail","7":"category-divertissement","8":"tag-actu-people","9":"tag-celebrites","10":"tag-divertissement","11":"tag-entertainment","12":"tag-fr","13":"tag-france","14":"tag-info-people","15":"tag-infos-people-du-jour","16":"tag-maladie-de-charcot","17":"tag-news-people","18":"tag-people","19":"tag-photo-people","20":"tag-potins-de-stars","21":"tag-potins-people","22":"tag-serie"},"share_on_mastodon":{"url":"https:\/\/pubeurope.com\/@fr\/114684659343028927","error":""},"_links":{"self":[{"href":"https:\/\/www.europesays.com\/fr\/wp-json\/wp\/v2\/posts\/177180","targetHints":{"allow":["GET"]}}],"collection":[{"href":"https:\/\/www.europesays.com\/fr\/wp-json\/wp\/v2\/posts"}],"about":[{"href":"https:\/\/www.europesays.com\/fr\/wp-json\/wp\/v2\/types\/post"}],"author":[{"embeddable":true,"href":"https:\/\/www.europesays.com\/fr\/wp-json\/wp\/v2\/users\/2"}],"replies":[{"embeddable":true,"href":"https:\/\/www.europesays.com\/fr\/wp-json\/wp\/v2\/comments?post=177180"}],"version-history":[{"count":0,"href":"https:\/\/www.europesays.com\/fr\/wp-json\/wp\/v2\/posts\/177180\/revisions"}],"wp:featuredmedia":[{"embeddable":true,"href":"https:\/\/www.europesays.com\/fr\/wp-json\/wp\/v2\/media\/177181"}],"wp:attachment":[{"href":"https:\/\/www.europesays.com\/fr\/wp-json\/wp\/v2\/media?parent=177180"}],"wp:term":[{"taxonomy":"category","embeddable":true,"href":"https:\/\/www.europesays.com\/fr\/wp-json\/wp\/v2\/categories?post=177180"},{"taxonomy":"post_tag","embeddable":true,"href":"https:\/\/www.europesays.com\/fr\/wp-json\/wp\/v2\/tags?post=177180"}],"curies":[{"name":"wp","href":"https:\/\/api.w.org\/{rel}","templated":true}]}}