{"id":177186,"date":"2025-06-15T00:58:12","date_gmt":"2025-06-15T00:58:12","guid":{"rendered":"https:\/\/www.europesays.com\/fr\/177186\/"},"modified":"2025-06-15T00:58:12","modified_gmt":"2025-06-15T00:58:12","slug":"un-acte-de-violence-politique-reagit-le-gouverneur-tim-walz-apres-le-meurtre-dune-elue-locale","status":"publish","type":"post","link":"https:\/\/www.europesays.com\/fr\/177186\/","title":{"rendered":"\u00ab\u00a0Un acte de violence politique\u00a0\u00bb, r\u00e9agit le gouverneur Tim Walz apr\u00e8s le meurtre d\u2019une \u00e9lue locale"},"content":{"rendered":"<p>Un \u00ab\u00a0acte de violence politique\u00a0\u00bb. Ce sont les mots utilis\u00e9s par <a href=\"https:\/\/www.20minutes.fr\/monde\/tim-walz\/\" class=\"color-ultramarine c-link\" target=\"_blank\" rel=\"noopener\">Tim Walz<\/a>, gouverneur du<a href=\"https:\/\/www.20minutes.fr\/faits_divers\/4155956-20250528-etats-unis-deux-pigeons-sement-panique-vol-delta-airlines\" target=\"_blank\" class=\"color-ultramarine c-link\" rel=\"noopener\"> Minnesota<\/a>, aux <a href=\"https:\/\/www.20minutes.fr\/monde\/etats-unis\/\" class=\"color-ultramarine c-link\" target=\"_blank\" rel=\"noopener\">Etats-Unis<\/a>, pour d\u00e9crire l\u2019agression mortelle qui a touch\u00e9 une \u00e9lue locale et son mari. Plus t\u00f4t ce samedi, Melissa Hortman et son mari \u00ab\u00a0ont \u00e9t\u00e9 tu\u00e9s par des tirs t\u00f4t ce matin dans ce qui semble \u00eatre un assassinat politiquement motiv\u00e9\u00a0\u00bb. Un second \u00e9lu et sa femme, \u00e9galement vis\u00e9s, ont \u00e9t\u00e9 bless\u00e9s.<\/p>\n<p>Le suspect, qui s\u2019est pr\u00e9sent\u00e9 \u00e0 leur domicile habill\u00e9 comme un membre des forces de l\u2019ordre, est activement recherch\u00e9. Une \u00ab\u00a0chasse \u00e0 l\u2019homme impliquant des centaines de policiers\u00a0\u00bb est en cours, a annonc\u00e9 lors de cette conf\u00e9rence de presse Mark Bruley, le chef de la police de Brooklyn Park, dans la banlieue nord de <a href=\"https:\/\/www.20minutes.fr\/dossier\/minneapolis\" class=\"color-ultramarine c-link\" target=\"_blank\" rel=\"noopener\">Minneapolis<\/a>.<\/p>\n<\/p>\n<p>\u00ab\u00a0Nous ne r\u00e9glons pas nos conflits \u00e0 coups de pistolet\u00a0\u00bb<\/p>\n<p>Melissa Hortman \u00e9tait une \u00e9lue de la Chambre des repr\u00e9sentants du Minnesota et en \u00e9tait son ancienne pr\u00e9sidente. Un second \u00e9lu, le s\u00e9nateur local John Hoffman, et sa femme Yvette, \u00ab\u00a0ont \u00e9t\u00e9 touch\u00e9s par de nombreux tirs\u00a0\u00bb, ont \u00e9t\u00e9 op\u00e9r\u00e9s, et \u00ab\u00a0nous sommes raisonnablement optimistes sur le fait qu\u2019ils vont survivre \u00e0 cette tentative d\u2019assassinat\u00a0\u00bb, a encore d\u00e9clar\u00e9 Tim Walz.<\/p>\n<p>\u00ab\u00a0Un discours politique apais\u00e9 est au fondement de notre d\u00e9mocratie. Nous ne r\u00e9glons pas nos conflits \u00e0 coups de pistolet\u00a0\u00bb, a dit, \u00e9mu, le gouverneur, ancien colistier de la candidate d\u00e9mocrate <a href=\"https:\/\/www.20minutes.fr\/politique\/kamala-harris\/\" class=\"color-ultramarine c-link\" target=\"_blank\" rel=\"noopener\">Kamala Harris<\/a> \u00e0 l\u2019\u00e9lection pr\u00e9sidentielle de novembre\u00a02024.<\/p>\n<p>Un climat social tr\u00e8s tendu<\/p>\n<p>Cette attaque contre deux \u00e9lus intervient dans un climat politique tendu. <a href=\"https:\/\/www.20minutes.fr\/monde\/etats-unis\/4157461-20250607-affaire-epstein-elon-musk-supprime-post-accusant-donald-trump\" target=\"_blank\" class=\"color-ultramarine c-link\" rel=\"noopener\">Le pr\u00e9sident Donald Trump<\/a> a, fait rarissime, mobilis\u00e9 des milliers de militaires<a href=\"https:\/\/www.20minutes.fr\/monde\/etats-unis\/4158490-20250614-emeutes-los-angeles-centaines-marines-deploient-rues-ville-californie\" target=\"_blank\" class=\"color-ultramarine c-link\" rel=\"noopener\"> face \u00e0 des manifestations contre sa politique migratoire \u00e0 Los Angeles. <\/a>Et ce samedi, de grandes manifestations sont organis\u00e9es pour s\u2019opposer la politique du pr\u00e9sident r\u00e9publicain, quand lui doit assister plus tard dans la journ\u00e9e \u00e0 un rare d\u00e9fil\u00e9 militaire \u00e0 Washington, le premier depuis plus de trente ans \u00e0 <a href=\"https:\/\/www.20minutes.fr\/dossier\/washington\" class=\"color-ultramarine c-link\" target=\"_blank\" rel=\"noopener\">Washington<\/a>.<\/p>\n<p>Les Etats-Unis ont aussi r\u00e9cemment subi plusieurs attaques cibl\u00e9es contre ses responsables politiques. Donald Trump a r\u00e9chapp\u00e9 en juillet dernier \u00e0 une tentative d\u2019assassinat lors d\u2019un meeting de campagne en <a href=\"https:\/\/www.20minutes.fr\/dossier\/pennsylvanie\" class=\"color-ultramarine c-link\" target=\"_blank\" rel=\"noopener\">Pennsylvanie<\/a>. En\u00a02022, le mari de <a href=\"https:\/\/www.20minutes.fr\/monde\/nancy-pelosi\/\" class=\"color-ultramarine c-link\" target=\"_blank\" rel=\"noopener\">Nancy Pelosi<\/a>, alors cheffe d\u00e9mocrate de la Chambre des repr\u00e9sentants, avait \u00e9t\u00e9 attaqu\u00e9 au marteau chez lui en Californie.<\/p>\n","protected":false},"excerpt":{"rendered":"Un \u00ab\u00a0acte de violence politique\u00a0\u00bb. Ce sont les mots utilis\u00e9s par Tim Walz, gouverneur du Minnesota, aux Etats-Unis,&hellip;\n","protected":false},"author":2,"featured_media":177187,"comment_status":"","ping_status":"","sticky":false,"template":"","format":"standard","meta":{"footnotes":""},"categories":[5],"tags":[47,11,75,73,1011,27,14,777,74,12,316,31218,809,28],"class_list":{"0":"post-177186","1":"post","2":"type-post","3":"status-publish","4":"format-standard","5":"has-post-thumbnail","7":"category-international","8":"tag-actualite","9":"tag-actualites","10":"tag-donald-trump","11":"tag-etats-unis","12":"tag-fr","13":"tag-france","14":"tag-international","15":"tag-meurtre","16":"tag-monde","17":"tag-news","18":"tag-politique","19":"tag-tim-walz","20":"tag-violence","21":"tag-world"},"share_on_mastodon":{"url":"https:\/\/pubeurope.com\/@fr\/114684671023610722","error":""},"_links":{"self":[{"href":"https:\/\/www.europesays.com\/fr\/wp-json\/wp\/v2\/posts\/177186","targetHints":{"allow":["GET"]}}],"collection":[{"href":"https:\/\/www.europesays.com\/fr\/wp-json\/wp\/v2\/posts"}],"about":[{"href":"https:\/\/www.europesays.com\/fr\/wp-json\/wp\/v2\/types\/post"}],"author":[{"embeddable":true,"href":"https:\/\/www.europesays.com\/fr\/wp-json\/wp\/v2\/users\/2"}],"replies":[{"embeddable":true,"href":"https:\/\/www.europesays.com\/fr\/wp-json\/wp\/v2\/comments?post=177186"}],"version-history":[{"count":0,"href":"https:\/\/www.europesays.com\/fr\/wp-json\/wp\/v2\/posts\/177186\/revisions"}],"wp:featuredmedia":[{"embeddable":true,"href":"https:\/\/www.europesays.com\/fr\/wp-json\/wp\/v2\/media\/177187"}],"wp:attachment":[{"href":"https:\/\/www.europesays.com\/fr\/wp-json\/wp\/v2\/media?parent=177186"}],"wp:term":[{"taxonomy":"category","embeddable":true,"href":"https:\/\/www.europesays.com\/fr\/wp-json\/wp\/v2\/categories?post=177186"},{"taxonomy":"post_tag","embeddable":true,"href":"https:\/\/www.europesays.com\/fr\/wp-json\/wp\/v2\/tags?post=177186"}],"curies":[{"name":"wp","href":"https:\/\/api.w.org\/{rel}","templated":true}]}}