{"id":177196,"date":"2025-06-15T01:03:42","date_gmt":"2025-06-15T01:03:42","guid":{"rendered":"https:\/\/www.europesays.com\/fr\/177196\/"},"modified":"2025-06-15T01:03:42","modified_gmt":"2025-06-15T01:03:42","slug":"vingt-cinq-convives-a-la-fete-des-voisins","status":"publish","type":"post","link":"https:\/\/www.europesays.com\/fr\/177196\/","title":{"rendered":"vingt-cinq convives \u00e0 la F\u00eate des voisins"},"content":{"rendered":"<p>La table s\u2019allonge chaque ann\u00e9e et c\u2019est dans le garage de Ren\u00e9 et Annie qu\u2019elle a \u00e9t\u00e9 dress\u00e9e vendredi soir pour un rendez-vous devenu incontournable\u00a0: la f\u00eate des voisins du quartier dit \u00ab\u00a0des musiciens\u00a0\u00bb a rassembl\u00e9 25 habitants des rues Massenet, Chopin et Berlioz. Salades compos\u00e9es, terrine de lapin, pain de poisson et clafoutis aux mirabelles faisaient partie des mets qui composaient le repas auquel avaient \u00e9t\u00e9 \u00e9galement convi\u00e9s les nouveaux habitants, D\u00e9borah et Romain, originaires de Nancy.<\/p>\n","protected":false},"excerpt":{"rendered":"La table s\u2019allonge chaque ann\u00e9e et c\u2019est dans le garage de Ren\u00e9 et Annie qu\u2019elle a \u00e9t\u00e9 dress\u00e9e&hellip;\n","protected":false},"author":2,"featured_media":177197,"comment_status":"","ping_status":"","sticky":false,"template":"","format":"standard","meta":{"footnotes":""},"categories":[9635],"tags":[1111,11,13561,13560,1687,1704,1777,674,3326,1011,27,775,1702,12,25],"class_list":{"0":"post-177196","1":"post","2":"type-post","3":"status-publish","4":"format-standard","5":"has-post-thumbnail","7":"category-nancy","8":"tag-actu","9":"tag-actualites","10":"tag-cc-du-bassin-de-pompey-54b2","11":"tag-champigneulles","12":"tag-culture-loisirs","13":"tag-edition-nancy-et-agglomeration","14":"tag-eu","15":"tag-europe","16":"tag-fete-locale","17":"tag-fr","18":"tag-france","19":"tag-grand-est","20":"tag-nancy","21":"tag-news","22":"tag-republique-francaise"},"share_on_mastodon":{"url":"https:\/\/pubeurope.com\/@fr\/114684690658226887","error":""},"_links":{"self":[{"href":"https:\/\/www.europesays.com\/fr\/wp-json\/wp\/v2\/posts\/177196","targetHints":{"allow":["GET"]}}],"collection":[{"href":"https:\/\/www.europesays.com\/fr\/wp-json\/wp\/v2\/posts"}],"about":[{"href":"https:\/\/www.europesays.com\/fr\/wp-json\/wp\/v2\/types\/post"}],"author":[{"embeddable":true,"href":"https:\/\/www.europesays.com\/fr\/wp-json\/wp\/v2\/users\/2"}],"replies":[{"embeddable":true,"href":"https:\/\/www.europesays.com\/fr\/wp-json\/wp\/v2\/comments?post=177196"}],"version-history":[{"count":0,"href":"https:\/\/www.europesays.com\/fr\/wp-json\/wp\/v2\/posts\/177196\/revisions"}],"wp:featuredmedia":[{"embeddable":true,"href":"https:\/\/www.europesays.com\/fr\/wp-json\/wp\/v2\/media\/177197"}],"wp:attachment":[{"href":"https:\/\/www.europesays.com\/fr\/wp-json\/wp\/v2\/media?parent=177196"}],"wp:term":[{"taxonomy":"category","embeddable":true,"href":"https:\/\/www.europesays.com\/fr\/wp-json\/wp\/v2\/categories?post=177196"},{"taxonomy":"post_tag","embeddable":true,"href":"https:\/\/www.europesays.com\/fr\/wp-json\/wp\/v2\/tags?post=177196"}],"curies":[{"name":"wp","href":"https:\/\/api.w.org\/{rel}","templated":true}]}}