{"id":17720,"date":"2025-04-11T16:23:08","date_gmt":"2025-04-11T16:23:08","guid":{"rendered":"https:\/\/www.europesays.com\/fr\/17720\/"},"modified":"2025-04-11T16:23:08","modified_gmt":"2025-04-11T16:23:08","slug":"plusieurs-centaines-de-chinois-combattent-pour-la-russie-en-ukraine-selon-volodymyr-zelensky-rts-ch","status":"publish","type":"post","link":"https:\/\/www.europesays.com\/fr\/17720\/","title":{"rendered":"\u00ab\u00a0Plusieurs centaines\u00a0\u00bb de Chinois combattent pour la Russie en Ukraine, selon Volodymyr Zelensky &#8211; rts.ch"},"content":{"rendered":"<p>Le pr\u00e9sident ukrainien Volodymyr Zelensky a affirm\u00e9 vendredi que \u00ab\u00a0plusieurs centaines\u00a0\u00bb de ressortissants chinois combattaient pour la Russie en Ukraine, quelques jours apr\u00e8s avoir accus\u00e9 Moscou d&rsquo;entra\u00eener P\u00e9kin dans cette guerre.<\/p>\n<p>\u00ab\u00a0A l&rsquo;heure actuelle, nous savons qu&rsquo;au moins plusieurs centaines de ressortissants chinois combattent au sein des forces d&rsquo;occupation russes\u00a0\u00bb, a d\u00e9clar\u00e9 le pr\u00e9sident ukrainien Volodymyr Zelensky, qui s&rsquo;exprimait par vid\u00e9o lors d&rsquo;une r\u00e9union des chefs militaires des pays alli\u00e9s de l&rsquo;Ukraine \u00e0 Bruxelles.<\/p>\n<p>Le dirigeant ukrainien a accus\u00e9 la Russie de tenter ainsi de \u00ab\u00a0prolonger la guerre\u00a0\u00bb en \u00ab\u00a0utilisant des vies chinoises\u00a0\u00bb.<\/p>\n<p>Plus t\u00f4t cette semaine, Volodymyr Zelensky avait annonc\u00e9 la capture de deux citoyens chinois qui, selon lui, combattaient dans les rangs russes en Ukraine. Il avait ensuite estim\u00e9 leur nombre \u00e0 155, tout en soulignant qu&rsquo;ils \u00e9taient sans doute \u00ab\u00a0bien plus\u00a0\u00bb.<\/p>\n<p>La Chine \u00ab\u00a0entra\u00een\u00e9e\u00a0\u00bb dans cette guerre<\/p>\n<p>Volodymyr Zelensky avait accus\u00e9 P\u00e9kin d&rsquo;\u00eatre au courant que ses citoyens \u00e9taient recrut\u00e9s par l&rsquo;arm\u00e9e russe, propos jug\u00e9s \u00ab\u00a0irresponsables\u00a0\u00bb par la Chine.<\/p>\n<p>Volodymyr Zelensky avait aussi estim\u00e9 que les autorit\u00e9s russes \u00ab\u00a0entra\u00eenent maintenant la Chine dans cette guerre\u00a0\u00bb.<\/p>\n<p>Le Kremlin avait r\u00e9pondu que le pr\u00e9sident ukrainien avait \u00ab\u00a0tort\u00a0\u00bb de dire cela.<\/p>\n<p class=\"sources\">fgn avec les agences<\/p>\n","protected":false},"excerpt":{"rendered":"Le pr\u00e9sident ukrainien Volodymyr Zelensky a affirm\u00e9 vendredi que \u00ab\u00a0plusieurs centaines\u00a0\u00bb de ressortissants chinois combattaient pour la Russie&hellip;\n","protected":false},"author":2,"featured_media":17721,"comment_status":"","ping_status":"","sticky":false,"template":"","format":"standard","meta":{"footnotes":""},"categories":[1591],"tags":[11,309,2120,3576,1887,1146,3577,74,1916,12,316,7136,1885,1886,132,220,135,7137],"class_list":{"0":"post-17720","1":"post","2":"type-post","3":"status-publish","4":"format-standard","5":"has-post-thumbnail","7":"category-russie","8":"tag-actualites","9":"tag-chine","10":"tag-conflit","11":"tag-conflit-arme","12":"tag-federation-de-russie","13":"tag-guerre","14":"tag-guerre-et-paix","15":"tag-monde","16":"tag-moscou","17":"tag-news","18":"tag-politique","19":"tag-president-de-lukraine","20":"tag-russia","21":"tag-russian-federation","22":"tag-russie","23":"tag-ukraine","24":"tag-vladimir-poutine","25":"tag-volodymyr-zelenskyy"},"share_on_mastodon":{"url":"https:\/\/pubeurope.com\/@fr\/114320258118786635","error":""},"_links":{"self":[{"href":"https:\/\/www.europesays.com\/fr\/wp-json\/wp\/v2\/posts\/17720","targetHints":{"allow":["GET"]}}],"collection":[{"href":"https:\/\/www.europesays.com\/fr\/wp-json\/wp\/v2\/posts"}],"about":[{"href":"https:\/\/www.europesays.com\/fr\/wp-json\/wp\/v2\/types\/post"}],"author":[{"embeddable":true,"href":"https:\/\/www.europesays.com\/fr\/wp-json\/wp\/v2\/users\/2"}],"replies":[{"embeddable":true,"href":"https:\/\/www.europesays.com\/fr\/wp-json\/wp\/v2\/comments?post=17720"}],"version-history":[{"count":0,"href":"https:\/\/www.europesays.com\/fr\/wp-json\/wp\/v2\/posts\/17720\/revisions"}],"wp:featuredmedia":[{"embeddable":true,"href":"https:\/\/www.europesays.com\/fr\/wp-json\/wp\/v2\/media\/17721"}],"wp:attachment":[{"href":"https:\/\/www.europesays.com\/fr\/wp-json\/wp\/v2\/media?parent=17720"}],"wp:term":[{"taxonomy":"category","embeddable":true,"href":"https:\/\/www.europesays.com\/fr\/wp-json\/wp\/v2\/categories?post=17720"},{"taxonomy":"post_tag","embeddable":true,"href":"https:\/\/www.europesays.com\/fr\/wp-json\/wp\/v2\/tags?post=17720"}],"curies":[{"name":"wp","href":"https:\/\/api.w.org\/{rel}","templated":true}]}}