{"id":177202,"date":"2025-06-15T01:06:15","date_gmt":"2025-06-15T01:06:15","guid":{"rendered":"https:\/\/www.europesays.com\/fr\/177202\/"},"modified":"2025-06-15T01:06:15","modified_gmt":"2025-06-15T01:06:15","slug":"ca-nous-apporte-un-peu-plus-de-confiance-pour-la-demi-finale-face-a-lubb-espere-mignoni-rct","status":"publish","type":"post","link":"https:\/\/www.europesays.com\/fr\/177202\/","title":{"rendered":"\u00ab\u00c7a nous apporte un peu plus de confiance\u00bb pour la demi-finale face \u00e0 l\u2019UBB, esp\u00e8re Mignoni (RCT)"},"content":{"rendered":"<p>\u00c0 l\u2019issue de la victoire contre Castres en barrage, le manager de Toulon a rappel\u00e9 que Toulon n\u2019avait rien gagn\u00e9 et que ses joueurs \u00e9taient \u00abcapables de faire mieux\u00bb.<\/p>\n<p class=\"fig-paragraph\">Pierre Mignoni (directeur du\u00a0<a href=\"http:\/\/www.lefigaro.fr\/sports\/rugby\/top-14\/top-14-toulon-deroule-face-a-castres-et-rejoint-l-ubb-en-demi-finales-20250614\" data-fig-type=\"NewsFlash\" data-gtm-custom-categorie=\"navigation\" data-gtm-custom-action=\"crossclick\" data-gtm-custom-label=\"Contextuel\" data-gtm-event=\"customEventSPE\" data-fig-domain=\"LEFIGARO\" target=\"_blank\" rel=\"noopener\">Rugby Club Toulonnais, victorieux de Castres 52 \u00e0 23\u00a0<\/a>en barrages, samedi soir au stade Mayol)\u00a0: \u00abC\u2019est une \u00e9tape importante pour nous de gagner ce soir en sachant qu\u2019on a perdu en quart de finale de Champions Cup cette saison et en barrage la saison derni\u00e8re. C\u2019\u00e9tait important de montrer nos progr\u00e8s, aujourd\u2019hui c\u2019est fait. On va profiter un peu ce soir mais on n\u2019a rien \u00e0 c\u00e9l\u00e9brer, \u00e7a nous apporte juste un peu plus de confiance pour la semaine prochaine. Je savais que notre travail de l\u2019ombre allait payer en fin de match si on faisait les choses comme il fallait.\u00bb<\/p>\n<p class=\"fig-paragraph\">\u00abOn a manqu\u00e9 un peu d\u2019intelligence par moments mais on ne s\u2019est pas affol\u00e9s. On a marqu\u00e9 cette \u00e9quipe physiquement pour r\u00e9ussir \u00e0 les faire craquer \u00e0 un moment donn\u00e9 mais c\u2019\u00e9tait n\u00e9cessaire car Castres est une \u00e9quipe qui te ronge, une b\u00eate qu\u2019il faut achever, une \u00e9quipe tr\u00e8s dure \u00e0 jouer. Je veux voir les leaders passer devant, prendre leurs responsabilit\u00e9s dans les moments difficiles. Je suis content de ce qu\u2019ils ont fait ce soir mais je pense qu\u2019ils sont capables de faire encore mieux.\u00bb<\/p>\n<blockquote class=\"fig-quote&#10;    \">\n<p class=\"fig-quote__text\">Cela faisait huit ans que Toulon ne s\u2019\u00e9tait pas qualifi\u00e9 en demi-finales, ce public m\u00e9rite de retrouver cet \u00e9lan<\/p>\n<p>            Pierre Mignoni\n    <\/p><\/blockquote>\n<p class=\"fig-paragraph\">\u00abPour remporter le Top 14 il faudra faire encore plus. Cela faisait huit ans que Toulon ne s\u2019\u00e9tait pas qualifi\u00e9 en demi-finales, ce public m\u00e9rite de retrouver cet \u00e9lan et on esp\u00e8re qu\u2019il y aura beaucoup de monde \u00e0 Lyon. Ce public a souffert depuis quelques ann\u00e9es, il faut qu\u2019on embarque tout le monde et il faut y croire. Les joueurs ont envie d\u2019\u00e9crire leur propre histoire, d\u2019\u00e9crire 2025.\u00bb<\/p>\n","protected":false},"excerpt":{"rendered":"\u00c0 l\u2019issue de la victoire contre Castres en barrage, le manager de Toulon a rappel\u00e9 que Toulon n\u2019avait&hellip;\n","protected":false},"author":2,"featured_media":177203,"comment_status":"","ping_status":"","sticky":false,"template":"","format":"standard","meta":{"footnotes":""},"categories":[9619],"tags":[1111,11,525,7336,4590,1981,2313,814,1777,674,1011,27,955,12,4589,882,2311,3461,25,1980,479,10405,2259,478,2310,2312],"class_list":{"0":"post-177202","1":"post","2":"type-post","3":"status-publish","4":"format-standard","5":"has-post-thumbnail","7":"category-toulon","8":"tag-actu","9":"tag-actualites","10":"tag-calendrier","11":"tag-castres-olympique","12":"tag-championnat-france","13":"tag-classement","14":"tag-clermont","15":"tag-direct","16":"tag-eu","17":"tag-europe","18":"tag-fr","19":"tag-france","20":"tag-match","21":"tag-news","22":"tag-phase-finale","23":"tag-provence-alpes-cote-dazur","24":"tag-racing","25":"tag-rct","26":"tag-republique-francaise","27":"tag-resultats","28":"tag-rugby","29":"tag-rugby-club-toulonnais","30":"tag-score","31":"tag-top-14","32":"tag-toulon","33":"tag-toulouse"},"share_on_mastodon":{"url":"https:\/\/pubeurope.com\/@fr\/114684702523754063","error":""},"_links":{"self":[{"href":"https:\/\/www.europesays.com\/fr\/wp-json\/wp\/v2\/posts\/177202","targetHints":{"allow":["GET"]}}],"collection":[{"href":"https:\/\/www.europesays.com\/fr\/wp-json\/wp\/v2\/posts"}],"about":[{"href":"https:\/\/www.europesays.com\/fr\/wp-json\/wp\/v2\/types\/post"}],"author":[{"embeddable":true,"href":"https:\/\/www.europesays.com\/fr\/wp-json\/wp\/v2\/users\/2"}],"replies":[{"embeddable":true,"href":"https:\/\/www.europesays.com\/fr\/wp-json\/wp\/v2\/comments?post=177202"}],"version-history":[{"count":0,"href":"https:\/\/www.europesays.com\/fr\/wp-json\/wp\/v2\/posts\/177202\/revisions"}],"wp:featuredmedia":[{"embeddable":true,"href":"https:\/\/www.europesays.com\/fr\/wp-json\/wp\/v2\/media\/177203"}],"wp:attachment":[{"href":"https:\/\/www.europesays.com\/fr\/wp-json\/wp\/v2\/media?parent=177202"}],"wp:term":[{"taxonomy":"category","embeddable":true,"href":"https:\/\/www.europesays.com\/fr\/wp-json\/wp\/v2\/categories?post=177202"},{"taxonomy":"post_tag","embeddable":true,"href":"https:\/\/www.europesays.com\/fr\/wp-json\/wp\/v2\/tags?post=177202"}],"curies":[{"name":"wp","href":"https:\/\/api.w.org\/{rel}","templated":true}]}}