{"id":177206,"date":"2025-06-15T01:08:16","date_gmt":"2025-06-15T01:08:16","guid":{"rendered":"https:\/\/www.europesays.com\/fr\/177206\/"},"modified":"2025-06-15T01:08:16","modified_gmt":"2025-06-15T01:08:16","slug":"natation-maxime-grousset-ameliore-le-record-de-france-sur-50-m-papillon-a-montpellier-sport","status":"publish","type":"post","link":"https:\/\/www.europesays.com\/fr\/177206\/","title":{"rendered":"Natation. Maxime Grousset am\u00e9liore le record de France sur 50\u00a0m papillon \u00e0 Montpellier . Sport"},"content":{"rendered":"<p>Impressionnant, Maxime Grousset a termin\u00e9 sa premi\u00e8re course de la semaine aux championnats de France de natation en am\u00e9liorant son record de France sur 50\u00a0m papillon de deux centi\u00e8mes, samedi 14\u00a0juin, \u00e0 Montpellier. Grousset s\u2019est impos\u00e9 en 22 sec 70\u00a0lors de la finale, largement devant Michel Arkhangelsky et Nikita Baez, et valide ainsi sa participation aux Championnats du monde \u00e0 Singapour cet \u00e9t\u00e9.<\/p>\n<p><strong>\u00ab\u00a0C\u2019est mon meilleur temps. Mais je sais qu\u2019il y a encore moyen de faire mieux. Je me suis senti tr\u00e8s \u00e9nergique, j\u2019avais beaucoup \u00e0 donner. Mais il reste deux ou trois petits d\u00e9tails \u00e0 r\u00e9gler pour aller encore plus vite\u00a0\u00bb,<\/strong> a estim\u00e9 le N\u00e9o-Cal\u00e9donien de 26\u00a0ans.<\/p>\n<p>La deuxi\u00e8me meilleure performance mondiale de l\u2019ann\u00e9e<\/p>\n<p>Grousset avait nag\u00e9 lors des s\u00e9ries du matin en 22 sec 74, s\u2019approchant du record de France de 22 sec 72, dont il \u00e9tait d\u00e9tenteur depuis 2023. Grousset signe du m\u00eame coup la deuxi\u00e8me meilleure performance mondiale de l\u2019ann\u00e9e, derri\u00e8re le Canadien Ilya Kharun (22 sec 68).<\/p>\n<p><strong>Lire aussi\u00a0:<\/strong> <a href=\"https:\/\/montpellier.maville.com\/sport\/detail_-natation.-sans-leon-marchand-et-florent-manaudou-les-championnats-de-france-se-cherchent-une-star-_52743-6853517_actu.Htm\" target=\"_self\" rel=\"noopener\">Natation. Sans L\u00e9on Marchand et Florent Manaudou, les championnats de France se cherchent une star<\/a><\/p>\n<p>Au cours de la semaine, le champion du monde du 100\u00a0m papillon vise \u00e9galement les minimas pour les Mondiaux de Singapour sur 50\u00a0m et 100\u00a0m nage libre, ainsi que sur 100\u00a0m papillon.<\/p>\n<p>\u00a0<\/p>\n","protected":false},"excerpt":{"rendered":"Impressionnant, Maxime Grousset a termin\u00e9 sa premi\u00e8re course de la semaine aux championnats de France de natation en&hellip;\n","protected":false},"author":2,"featured_media":177207,"comment_status":"","ping_status":"","sticky":false,"template":"","format":"standard","meta":{"footnotes":""},"categories":[9599],"tags":[1111,11,3809,1465,1777,674,63,1011,27,1792,1922,2208,12,2680,6099,25,479,517,1470],"class_list":{"0":"post-177206","1":"post","2":"type-post","3":"status-publish","4":"format-standard","5":"has-post-thumbnail","7":"category-montpellier","8":"tag-actu","9":"tag-actualites","10":"tag-ball","11":"tag-basket","12":"tag-eu","13":"tag-europe","14":"tag-football","15":"tag-fr","16":"tag-france","17":"tag-handball","18":"tag-info","19":"tag-montpellier","20":"tag-news","21":"tag-occitanie","22":"tag-pontivy","23":"tag-republique-francaise","24":"tag-rugby","25":"tag-sport","26":"tag-volley"},"share_on_mastodon":{"url":"https:\/\/pubeurope.com\/@fr\/114684710280403830","error":""},"_links":{"self":[{"href":"https:\/\/www.europesays.com\/fr\/wp-json\/wp\/v2\/posts\/177206","targetHints":{"allow":["GET"]}}],"collection":[{"href":"https:\/\/www.europesays.com\/fr\/wp-json\/wp\/v2\/posts"}],"about":[{"href":"https:\/\/www.europesays.com\/fr\/wp-json\/wp\/v2\/types\/post"}],"author":[{"embeddable":true,"href":"https:\/\/www.europesays.com\/fr\/wp-json\/wp\/v2\/users\/2"}],"replies":[{"embeddable":true,"href":"https:\/\/www.europesays.com\/fr\/wp-json\/wp\/v2\/comments?post=177206"}],"version-history":[{"count":0,"href":"https:\/\/www.europesays.com\/fr\/wp-json\/wp\/v2\/posts\/177206\/revisions"}],"wp:featuredmedia":[{"embeddable":true,"href":"https:\/\/www.europesays.com\/fr\/wp-json\/wp\/v2\/media\/177207"}],"wp:attachment":[{"href":"https:\/\/www.europesays.com\/fr\/wp-json\/wp\/v2\/media?parent=177206"}],"wp:term":[{"taxonomy":"category","embeddable":true,"href":"https:\/\/www.europesays.com\/fr\/wp-json\/wp\/v2\/categories?post=177206"},{"taxonomy":"post_tag","embeddable":true,"href":"https:\/\/www.europesays.com\/fr\/wp-json\/wp\/v2\/tags?post=177206"}],"curies":[{"name":"wp","href":"https:\/\/api.w.org\/{rel}","templated":true}]}}