{"id":177210,"date":"2025-06-15T01:13:08","date_gmt":"2025-06-15T01:13:08","guid":{"rendered":"https:\/\/www.europesays.com\/fr\/177210\/"},"modified":"2025-06-15T01:13:08","modified_gmt":"2025-06-15T01:13:08","slug":"une-guinguette-sinstalle-dans-un-parc-et-propose-des-concerts","status":"publish","type":"post","link":"https:\/\/www.europesays.com\/fr\/177210\/","title":{"rendered":"une guinguette s&rsquo;installe dans un parc et propose des concerts"},"content":{"rendered":"<p>            Par<br \/>\n        <strong><br \/>\n            <a href=\"https:\/\/actu.fr\/auteur\/redaction-jv\" title=\"Consulter tous les articles de R\u00e9daction Vitr\u00e9\" rel=\"nofollow noopener\" target=\"_blank\">R\u00e9daction Vitr\u00e9<\/a><br \/>\n        <\/strong><\/p>\n<p>        Publi\u00e9 le<\/p>\n<p>            15 juin 2025 \u00e0 2h16        <\/p>\n<p><b>L\u2019association noyalaise 24 degr\u00e9s<\/b>, nouvellement cr\u00e9\u00e9e, propose des \u00e9v\u00e9nements qui favorisent les rencontres et soutiennent les acteurs et artistes du territoire.<\/p>\n<p class=\" wall-content\">Elle annonce l\u2019organisation d\u2019une guinguette \u00e9ph\u00e9m\u00e8re lors des trois prochains vendredis dans le parc du <b>Ch\u00eane-Joli \u00e0 Noyal-sur-Vilaine<\/b> (Ille-et-Vilaine).<\/p>\n<p>Concerts, buvette et restauration<\/p>\n<p class=\" wall-content\">\u00ab\u2009Inspir\u00e9e par l\u2019id\u00e9e d\u2019un espace temp\u00e9r\u00e9 entre ville et nature, La Jolie Guinguette s\u2019engage dans une d\u00e9marche responsable en favorisant les produits locaux et les installations naturelles\u2009\u00bb, annonce Isma\u00ebl Lefeuvre, directeur de l\u2019association 24 degr\u00e9s, \u00ab\u2009temp\u00e9rature id\u00e9ale, ni trop chaud, ni trop froid\u2009\u00bb.<\/p>\n<p class=\" wall-content\">Pour son lancement, 24 degr\u00e9s a b\u00e9n\u00e9fici\u00e9 de la donation de mat\u00e9riel et du solde des fonds de l\u2019association noyalaise La Belle Famille. Ainsi, l\u2019association propose un nouveau lieu \u00e9ph\u00e9m\u00e8re, musical et convivial, au c\u0153ur du parc du Ch\u00eane-Joli, les vendredis 20, 27\u00a0juin et 4\u00a0juillet de 17\u2009h\u200930 \u00e0 23\u2009h\u200930.<\/p>\n<p class=\" wall-content\">Au programme\u2009: <b>concerts live, DJ sets, buvette, petite restauration<\/b> et bonne ambiance dans un cadre naturel bien connu des locaux. L\u2019\u00e9v\u00e9nement est gratuit et ouvert \u00e0 tous.<\/p>\n<p>Vid\u00e9os : en ce moment sur Actu<\/p>\n<p class=\" wall-content\">Le 20\u00a0juin, la soir\u00e9e d\u2019ouverture co\u00efncide avec la F\u00eate de la musique et est organis\u00e9 en partenariat avec l\u2019association des commer\u00e7ants Noyal Activ.<\/p>\n<p>Le programme<\/p>\n<p class=\" wall-content\"><b>Vendredi 20\u00a0juin\u2009:<\/b> F\u00eate de la musique, avec deux sc\u00e8nes, quatre groupes et un collectif de DJ. Groupes et DJ de Noyal, Acign\u00e9, Servon, Rennes. Temper (\u00e9lectro pop), Discover (rock\/funk style 70-80-90), Law garden (rock UK), Erual (chanson-pop), Collectif flou (house-electro).<\/p>\n<p class=\" wall-content\"><b>Vendredi 27\u00a0juin\u2009:<\/b> DJ Laurier Garni alias Pat Panik \u2013 DJ programm\u00e9 10\u00a0fois aux Trans musicales, groove\/rock\/pop.<\/p>\n<p class=\" wall-content\"><b>Vendredi 4\u00a0juillet\u2009: <\/b>Fred P\u00e9loquin, accord\u00e9oniste et conteur qu\u00e9b\u00e9cois.<\/p>\n<p>Pratique : Parc du Ch\u00eane Joli, \u00e0 Noyal-sur-Vilaine, les vendredis 20, 27 juin, et 4 juillet, de 17 h 30 \u00e0 23 h 30. Entr\u00e9e libre et gratuite tout public. Guinguette propos\u00e9e par 24 degr\u00e9s. <a href=\"https:\/\/actu.fr\/cdn-cgi\/l\/email-protection\" class=\"__cf_email__\" data-cfemail=\"3a565b505556535f5d4f53545d4f5f4e4e5f7a5d575b535614595557\" rel=\"nofollow noopener\" target=\"_blank\">[email\u00a0protected]<\/a><\/p>\n<p class=\" wall-content\">Suivez toute l\u2019actualit\u00e9 de vos villes et m\u00e9dias favoris en vous inscrivant \u00e0 <a href=\"https:\/\/moncompte.actu.fr\" title=\"D\u00e9couvez Mon Actu\" rel=\"nofollow noopener\" data-trk=\"{&quot;cta&quot;:{&quot;action&quot;:&quot;https:\\\/\\\/moncompte.actu.fr&quot;,&quot;category&quot;:&quot;mon compte&quot;,&quot;from&quot;:&quot;article footer&quot;,&quot;name&quot;:&quot;Mon actu&quot;,&quot;type&quot;:&quot;cta&quot;}}\" target=\"_blank\">Mon Actu<\/a>.<\/p>\n","protected":false},"excerpt":{"rendered":"Par R\u00e9daction Vitr\u00e9 Publi\u00e9 le 15 juin 2025 \u00e0 2h16 L\u2019association noyalaise 24 degr\u00e9s, nouvellement cr\u00e9\u00e9e, propose des&hellip;\n","protected":false},"author":2,"featured_media":177211,"comment_status":"","ping_status":"","sticky":false,"template":"","format":"standard","meta":{"footnotes":""},"categories":[2821],"tags":[1111,11,829,1697,1777,674,1011,27,5691,1652,873,12,584,25],"class_list":{"0":"post-177210","1":"post","2":"type-post","3":"status-publish","4":"format-standard","5":"has-post-thumbnail","7":"category-rennes","8":"tag-actu","9":"tag-actualites","10":"tag-bretagne","11":"tag-concert","12":"tag-eu","13":"tag-europe","14":"tag-fr","15":"tag-france","16":"tag-guinguette","17":"tag-loisirs-culture","18":"tag-musique","19":"tag-news","20":"tag-rennes","21":"tag-republique-francaise"},"share_on_mastodon":{"url":"https:\/\/pubeurope.com\/@fr\/114684730271602580","error":""},"_links":{"self":[{"href":"https:\/\/www.europesays.com\/fr\/wp-json\/wp\/v2\/posts\/177210","targetHints":{"allow":["GET"]}}],"collection":[{"href":"https:\/\/www.europesays.com\/fr\/wp-json\/wp\/v2\/posts"}],"about":[{"href":"https:\/\/www.europesays.com\/fr\/wp-json\/wp\/v2\/types\/post"}],"author":[{"embeddable":true,"href":"https:\/\/www.europesays.com\/fr\/wp-json\/wp\/v2\/users\/2"}],"replies":[{"embeddable":true,"href":"https:\/\/www.europesays.com\/fr\/wp-json\/wp\/v2\/comments?post=177210"}],"version-history":[{"count":0,"href":"https:\/\/www.europesays.com\/fr\/wp-json\/wp\/v2\/posts\/177210\/revisions"}],"wp:featuredmedia":[{"embeddable":true,"href":"https:\/\/www.europesays.com\/fr\/wp-json\/wp\/v2\/media\/177211"}],"wp:attachment":[{"href":"https:\/\/www.europesays.com\/fr\/wp-json\/wp\/v2\/media?parent=177210"}],"wp:term":[{"taxonomy":"category","embeddable":true,"href":"https:\/\/www.europesays.com\/fr\/wp-json\/wp\/v2\/categories?post=177210"},{"taxonomy":"post_tag","embeddable":true,"href":"https:\/\/www.europesays.com\/fr\/wp-json\/wp\/v2\/tags?post=177210"}],"curies":[{"name":"wp","href":"https:\/\/api.w.org\/{rel}","templated":true}]}}