{"id":177214,"date":"2025-06-15T01:15:13","date_gmt":"2025-06-15T01:15:13","guid":{"rendered":"https:\/\/www.europesays.com\/fr\/177214\/"},"modified":"2025-06-15T01:15:13","modified_gmt":"2025-06-15T01:15:13","slug":"les-riverains-vent-debout-contre-un-projet-dimmeuble","status":"publish","type":"post","link":"https:\/\/www.europesays.com\/fr\/177214\/","title":{"rendered":"les riverains vent debout contre un projet d\u2019immeuble"},"content":{"rendered":"<p>\u00ab\u00a0Non\u00a0\u00bb, \u00ab\u00a0Stop au b\u00e9ton\u00a0\u00bb\u2026 Rue de la Course \u00e0 Oberhausbergen, <a href=\"https:\/\/www.dna.fr\/edition-de-strasbourg\/2016\/11\/09\/les-riverains-montent-au-creneau\" target=\"_blank\" rel=\"noopener\">les riverains se mobilisent<\/a>. F\u00e2ch\u00e9s d\u2019avoir d\u00e9couvert le projet au num\u00e9ro\u00a07, et qui plus est \u00ab\u00a0seulement avec l\u2019affichage du panneau le 31\u00a0mars\u00a0\u00bb.<\/p>\n<p>Au num\u00e9ro\u00a07\u00a0: une maison individuelle \u00ab\u00a0inhabit\u00e9e depuis un an et demi\u00a0\u00bb, selon les voisins directs Zakia et Lamine Chiali. Le projet\u00a0: \u00ab\u00a0un collectif de 20 logements en R +\u00a01 +\u00a0combles\u00a0\u00bb, dont le permis a \u00e9t\u00e9 \u00ab\u00a0d\u00e9livr\u00e9 le 10\u00a0mars\u00a0\u00bb au <a href=\"https:\/\/www.dna.fr\/societe\/2020\/06\/30\/une-association-contre-le-trop-d-urbanisation\" target=\"_blank\" rel=\"noopener\">promoteur immobilier \u00ab\u00a0Bartholdi Groupe\u00a0\u00bb<\/a>. \u00ab\u00a0Elle le savait depuis septembre, la mairie ne nous avait rien dit\u00a0\u00bb\u00a0: m\u00e8re et fils sont d\u00e9-pi-t\u00e9s.<\/p>\n<p>\u00ab\u00a0On aura pas moins d\u2019une vingtaine de&#8230;<\/p>\n","protected":false},"excerpt":{"rendered":"\u00ab\u00a0Non\u00a0\u00bb, \u00ab\u00a0Stop au b\u00e9ton\u00a0\u00bb\u2026 Rue de la Course \u00e0 Oberhausbergen, les riverains se mobilisent. F\u00e2ch\u00e9s d\u2019avoir d\u00e9couvert le&hellip;\n","protected":false},"author":2,"featured_media":177215,"comment_status":"","ping_status":"","sticky":false,"template":"","format":"standard","meta":{"footnotes":""},"categories":[2820],"tags":[1111,11,2389,2649,4749,33,2880,1777,674,107,1011,27,775,1116,1908,12,17351,25,104,640,3265],"class_list":{"0":"post-177214","1":"post","2":"type-post","3":"status-publish","4":"format-standard","5":"has-post-thumbnail","7":"category-strasbourg","8":"tag-actu","9":"tag-actualites","10":"tag-alsace","11":"tag-bas-rhin","12":"tag-btp-et-chantiers","13":"tag-economie","14":"tag-edition-strasbourg","15":"tag-eu","16":"tag-europe","17":"tag-fil-info","18":"tag-fr","19":"tag-france","20":"tag-grand-est","21":"tag-immobilier","22":"tag-logement","23":"tag-news","24":"tag-oberhausbergen","25":"tag-republique-francaise","26":"tag-societe","27":"tag-strasbourg","28":"tag-strasbourg-nord"},"share_on_mastodon":{"url":"https:\/\/pubeurope.com\/@fr\/114684737880381433","error":""},"_links":{"self":[{"href":"https:\/\/www.europesays.com\/fr\/wp-json\/wp\/v2\/posts\/177214","targetHints":{"allow":["GET"]}}],"collection":[{"href":"https:\/\/www.europesays.com\/fr\/wp-json\/wp\/v2\/posts"}],"about":[{"href":"https:\/\/www.europesays.com\/fr\/wp-json\/wp\/v2\/types\/post"}],"author":[{"embeddable":true,"href":"https:\/\/www.europesays.com\/fr\/wp-json\/wp\/v2\/users\/2"}],"replies":[{"embeddable":true,"href":"https:\/\/www.europesays.com\/fr\/wp-json\/wp\/v2\/comments?post=177214"}],"version-history":[{"count":0,"href":"https:\/\/www.europesays.com\/fr\/wp-json\/wp\/v2\/posts\/177214\/revisions"}],"wp:featuredmedia":[{"embeddable":true,"href":"https:\/\/www.europesays.com\/fr\/wp-json\/wp\/v2\/media\/177215"}],"wp:attachment":[{"href":"https:\/\/www.europesays.com\/fr\/wp-json\/wp\/v2\/media?parent=177214"}],"wp:term":[{"taxonomy":"category","embeddable":true,"href":"https:\/\/www.europesays.com\/fr\/wp-json\/wp\/v2\/categories?post=177214"},{"taxonomy":"post_tag","embeddable":true,"href":"https:\/\/www.europesays.com\/fr\/wp-json\/wp\/v2\/tags?post=177214"}],"curies":[{"name":"wp","href":"https:\/\/api.w.org\/{rel}","templated":true}]}}