{"id":17722,"date":"2025-04-11T16:24:07","date_gmt":"2025-04-11T16:24:07","guid":{"rendered":"https:\/\/www.europesays.com\/fr\/17722\/"},"modified":"2025-04-11T16:24:07","modified_gmt":"2025-04-11T16:24:07","slug":"le-depart-des-americains-de-jasionka-scelle-leur-retrait-de-laide-a-lukraine","status":"publish","type":"post","link":"https:\/\/www.europesays.com\/fr\/17722\/","title":{"rendered":"le d\u00e9part des Am\u00e9ricains de Jasionka \u201cscelle leur retrait de l\u2019aide \u00e0 l\u2019Ukraine\u201d"},"content":{"rendered":"\n<p>La nouvelle a mis la Pologne en \u00e9moi d\u00e8s le mardi 8\u00a0avril, alors que les m\u00e9dias confirmaient le d\u00e9part des troupes am\u00e9ricaines de l\u2019a\u00e9roport de Jasionka, dans la banlieue de Rzeszow, une ville de 200\u00a0000\u00a0habitants situ\u00e9e \u00e0 70\u00a0kilom\u00e8tres de la fronti\u00e8re ukrainienne. L\u2019infrastructure \u00e9tait devenue, depuis le d\u00e9but de l\u2019invasion russe, le 24\u00a0f\u00e9vrier 2022, une plaque tournante du soutien militaire \u00e0 l\u2019Ukraine o\u00f9 transitent jusqu\u2019\u00e0 95\u00a0% des \u00e9quipements livr\u00e9s par les alli\u00e9s de Kiev.<\/p>\n<p><a class=\"ithalc\" data-ithal=\"lien_externe\" data-ithalc=\"[nav_article]\" target=\"_blank\" href=\"https:\/\/www.europeafrica.army.mil\/ArticleViewPressRelease\/Article\/4147621\/press-release-usareur-af-repositions-troops-in-poland\/\" rel=\"noopener\">Le communiqu\u00e9 de l\u2019arm\u00e9e am\u00e9ricaine responsable de l\u2019Europe et de l\u2019Afrique<\/a>, dat\u00e9 du 7\u00a0avril, est sans \u00e9quivoque\u00a0lorsqu\u2019il parle d\u2019un \u201crepositionnement pr\u00e9vu d\u2019\u00e9quipements et de personnels militaires am\u00e9ricains de Jasionka, en Pologne, vers d\u2019autres sites dans le pays\u201d. L\u2019op\u00e9ration s\u2019inscrit dans l\u2019optique d\u2019une optimisation \u201cdes op\u00e9rations militaires am\u00e9ricaines, en am\u00e9liorant le niveau de soutien aux alli\u00e9s et aux partenaires, tout en renfor\u00e7ant son efficacit\u00e9\u201d. Plus loin, il est question d\u2019\u00e9pargner \u201cdes millions de dollars par an\u00a0aux contribuables am\u00e9ricains\u201d.<\/p>\n<p>\u201cLes Am\u00e9ricains sont arriv\u00e9s \u00e0 Jasionka deux semaines avant le d\u00e9but de l\u2019invasion russe de l\u2019Ukraine\u201d, souligne, dans un article d\u2019opinion, Bartosz T. Wielinski, le r\u00e9dacteur en chef adjoint du <a class=\"ithalc\" data-ithal=\"lien_externe\" data-ithalc=\"[nav_article]\" target=\"_blank\" href=\"https:\/\/wyborcza.pl\/7,75398,31839269,amerykanskie-wojska-w-jasionce-odstraszaly-rosjan-ich-relokacja.html\" rel=\"noopener\">quotidien lib\u00e9ral polonais <strong>Gazeta Wyborcza<\/strong><\/a><strong>. <\/strong>\u201cLes forces de r<\/p>\n","protected":false},"excerpt":{"rendered":"La nouvelle a mis la Pologne en \u00e9moi d\u00e8s le mardi 8\u00a0avril, alors que les m\u00e9dias confirmaient le&hellip;\n","protected":false},"author":2,"featured_media":17723,"comment_status":"","ping_status":"","sticky":false,"template":"","format":"standard","meta":{"footnotes":""},"categories":[1590],"tags":[11,3822,1777,674,1892,131,12,2437,770,220],"class_list":{"0":"post-17722","1":"post","2":"type-post","3":"status-publish","4":"format-standard","5":"has-post-thumbnail","7":"category-ukraine","8":"tag-actualites","9":"tag-amu00e9riques","10":"tag-eu","11":"tag-europe","12":"tag-gu00e9opolitique","13":"tag-guerre-en-ukraine","14":"tag-news","15":"tag-pologne","16":"tag-u00e9tats-unis","17":"tag-ukraine"},"share_on_mastodon":{"url":"https:\/\/pubeurope.com\/@fr\/114320262084328794","error":""},"_links":{"self":[{"href":"https:\/\/www.europesays.com\/fr\/wp-json\/wp\/v2\/posts\/17722","targetHints":{"allow":["GET"]}}],"collection":[{"href":"https:\/\/www.europesays.com\/fr\/wp-json\/wp\/v2\/posts"}],"about":[{"href":"https:\/\/www.europesays.com\/fr\/wp-json\/wp\/v2\/types\/post"}],"author":[{"embeddable":true,"href":"https:\/\/www.europesays.com\/fr\/wp-json\/wp\/v2\/users\/2"}],"replies":[{"embeddable":true,"href":"https:\/\/www.europesays.com\/fr\/wp-json\/wp\/v2\/comments?post=17722"}],"version-history":[{"count":0,"href":"https:\/\/www.europesays.com\/fr\/wp-json\/wp\/v2\/posts\/17722\/revisions"}],"wp:featuredmedia":[{"embeddable":true,"href":"https:\/\/www.europesays.com\/fr\/wp-json\/wp\/v2\/media\/17723"}],"wp:attachment":[{"href":"https:\/\/www.europesays.com\/fr\/wp-json\/wp\/v2\/media?parent=17722"}],"wp:term":[{"taxonomy":"category","embeddable":true,"href":"https:\/\/www.europesays.com\/fr\/wp-json\/wp\/v2\/categories?post=17722"},{"taxonomy":"post_tag","embeddable":true,"href":"https:\/\/www.europesays.com\/fr\/wp-json\/wp\/v2\/tags?post=17722"}],"curies":[{"name":"wp","href":"https:\/\/api.w.org\/{rel}","templated":true}]}}