{"id":177228,"date":"2025-06-15T01:22:10","date_gmt":"2025-06-15T01:22:10","guid":{"rendered":"https:\/\/www.europesays.com\/fr\/177228\/"},"modified":"2025-06-15T01:22:10","modified_gmt":"2025-06-15T01:22:10","slug":"nouveau-deluge-en-vue-meteo-france-place-encore-la-gironde-en-alerte-pour-les-orages","status":"publish","type":"post","link":"https:\/\/www.europesays.com\/fr\/177228\/","title":{"rendered":"Nouveau d\u00e9luge en vue ? M\u00e9t\u00e9o France place encore la Gironde en alerte pour les orages"},"content":{"rendered":"<p>            Par<br \/>\n        <strong><br \/>\n            <a href=\"https:\/\/actu.fr\/auteur\/sports33\" title=\"Consulter tous les articles de Nicolas Gosselin\" target=\"_blank\" rel=\"noopener\">Nicolas Gosselin<\/a><br \/>\n        <\/strong><\/p>\n<p>        Publi\u00e9 le<\/p>\n<p>            14 juin 2025 \u00e0 12h36        <\/p>\n<p>Apr\u00e8s <a href=\"https:\/\/actu.fr\/nouvelle-aquitaine\/bordeaux_33063\/gros-grelons-incendies-declenches-par-la-foudre-inondations-lourd-bilan-apres-un-violent-orage-en-gironde_62773467.html\" target=\"_blank\" rel=\"noopener\">le d\u00e9luge dans la nuit du 13 au 14 juin 2025<\/a>, le soleil a fait son retour \u00e0 Bordeaux. Mais c\u2019est de courte dur\u00e9e, selon <a href=\"https:\/\/actu.fr\/tag\/meteo-france\" target=\"_blank\" rel=\"noopener\">M\u00e9t\u00e9o France<\/a>, qui annonce une <strong>nouvelle vigilance jaune<\/strong> pour <a href=\"https:\/\/actu.fr\/tag\/orages\" target=\"_blank\" rel=\"noopener\">risque d\u2019orages<\/a> dans la soir\u00e9e de ce samedi.<\/p>\n<p class=\" wall-content\">Si<strong> la journ\u00e9e pr\u00e9voit d\u2019\u00eatre ensoleill\u00e9e<\/strong> dans l\u2019ensemble, le temps devrait se g\u00e2ter dans la soir\u00e9e avec <strong>des averses orageuses pr\u00e9vues<\/strong> dans tout le d\u00e9partement et des orages plus marqu\u00e9s encore sur le Sud-Gironde et dans le Libournais.<\/p>\n<p>Pas de gr\u00eale annonc\u00e9e<\/p>\n<p class=\" wall-content\">La vigilance m\u00e9t\u00e9o est valable en fin de soir\u00e9e et jusqu\u2019au milieu de la nuit. En revanche, cette fois-ci, <strong>la gr\u00eale ne devrait pas \u00eatre au rendez-vous<\/strong>. Elle est annonc\u00e9e plut\u00f4t vers le Massif Central et le Grand Est.<\/p>\n<blockquote class=\"tiktok-embed\" cite=\"https:\/\/www.tiktok.com\/@actubordeaux\/video\/7515582076448427286\" data-video-id=\"7515582076448427286\" data-embed-from=\"oembed\" style=\"max-width:605px; min-width:325px;\"><p>\n<a target=\"_blank\" title=\"@actubordeaux\" href=\"https:\/\/www.tiktok.com\/@actubordeaux?refer=embed\" rel=\"noopener\">@actubordeaux<\/a> <\/p>\n<p>Un d\u00e9luge s\u2019est abattu sur Bordeaux dans la soir\u00e9e du vendredi 13 juin, avec orages, vents violents, fortes pr\u00e9cipitations et averses de gr\u00eale  \u26c8 <a title=\"fyp\" target=\"_blank\" href=\"https:\/\/www.tiktok.com\/tag\/fyp?refer=embed\" rel=\"noopener\">#fyp<\/a> <a title=\"fu\" target=\"_blank\" href=\"https:\/\/www.tiktok.com\/tag\/fu?refer=embed\" rel=\"noopener\">#fu<\/a> <a title=\"f\" target=\"_blank\" href=\"https:\/\/www.tiktok.com\/tag\/f?refer=embed\" rel=\"noopener\">#f<\/a> <a title=\"for\" target=\"_blank\" href=\"https:\/\/www.tiktok.com\/tag\/for?refer=embed\" rel=\"noopener\">#for<\/a> <a title=\"foru\" target=\"_blank\" href=\"https:\/\/www.tiktok.com\/tag\/foru?refer=embed\" rel=\"noopener\">#foru<\/a> <a title=\"meteo\" target=\"_blank\" href=\"https:\/\/www.tiktok.com\/tag\/meteo?refer=embed\" rel=\"noopener\">#meteo<\/a> <a title=\"orage\" target=\"_blank\" href=\"https:\/\/www.tiktok.com\/tag\/orage?refer=embed\" rel=\"noopener\">#orage<\/a> <a title=\"grele\" target=\"_blank\" href=\"https:\/\/www.tiktok.com\/tag\/grele?refer=embed\" rel=\"noopener\">#grele<\/a> <a title=\"pluie\" target=\"_blank\" href=\"https:\/\/www.tiktok.com\/tag\/pluie?refer=embed\" rel=\"noopener\">#pluie<\/a> <a title=\"bordeaux\" target=\"_blank\" href=\"https:\/\/www.tiktok.com\/tag\/bordeaux?refer=embed\" rel=\"noopener\">#bordeaux<\/a> <a title=\"gironde\" target=\"_blank\" href=\"https:\/\/www.tiktok.com\/tag\/gironde?refer=embed\" rel=\"noopener\">#gironde<\/a> <\/p>\n<p> <a target=\"_blank\" title=\"\u266c Central Cee - bitchbaby\" href=\"https:\/\/www.tiktok.com\/music\/Central-Cee-7448679093288110081?refer=embed\" rel=\"noopener\">\u266c Central Cee \u2013 bitchbaby<\/a> <\/p>\n<\/blockquote>\n<p class=\" wall-content\">Au niveau des temp\u00e9ratures, elles seront plus douces qu\u2019en milieu de semaine avec 25 degr\u00e9s annonc\u00e9s \u00e0 Bordeaux et 21 \u00e0 23 degr\u00e9s sur le littoral, o\u00f9 <a href=\"https:\/\/actu.fr\/faits-divers\/pourquoi-le-prefet-met-particulierement-en-garde-les-baigneurs-sur-les-plages-de-la-gironde-ce-week-end_62771952.html\" target=\"_blank\" rel=\"noopener\">le risque de ba\u00efnes a \u00e9t\u00e9 class\u00e9es au niveau maximal<\/a> par le pr\u00e9fet. Soyez vigilant en cas de baignade !<\/p>\n<p class=\" wall-content\">Suivez toute l\u2019actualit\u00e9 de vos villes et m\u00e9dias favoris en vous inscrivant \u00e0 <a href=\"https:\/\/moncompte.actu.fr\" title=\"D\u00e9couvez Mon Actu\" rel=\"nofollow noopener\" data-trk=\"{&quot;cta&quot;:{&quot;action&quot;:&quot;https:\\\/\\\/moncompte.actu.fr&quot;,&quot;category&quot;:&quot;mon compte&quot;,&quot;from&quot;:&quot;article footer&quot;,&quot;name&quot;:&quot;Mon actu&quot;,&quot;type&quot;:&quot;cta&quot;}}\" target=\"_blank\">Mon Actu<\/a>.<\/p>\n<p>                    <script async src=\"\/\/www.tiktok.com\/embed.js\"><\/script><\/p>\n","protected":false},"excerpt":{"rendered":"Par Nicolas Gosselin Publi\u00e9 le 14 juin 2025 \u00e0 12h36 Apr\u00e8s le d\u00e9luge dans la nuit du 13&hellip;\n","protected":false},"author":2,"featured_media":177229,"comment_status":"","ping_status":"","sticky":false,"template":"","format":"standard","meta":{"footnotes":""},"categories":[2817],"tags":[1111,11,1997,1777,674,1011,27,2487,2357,12,2219,4594,25],"class_list":{"0":"post-177228","1":"post","2":"type-post","3":"status-publish","4":"format-standard","5":"has-post-thumbnail","7":"category-bordeaux","8":"tag-actu","9":"tag-actualites","10":"tag-bordeaux","11":"tag-eu","12":"tag-europe","13":"tag-fr","14":"tag-france","15":"tag-meteo","16":"tag-meteo-france","17":"tag-news","18":"tag-nouvelle-aquitaine","19":"tag-orages","20":"tag-republique-francaise"},"share_on_mastodon":{"url":"https:\/\/pubeurope.com\/@fr\/114684765347430996","error":""},"_links":{"self":[{"href":"https:\/\/www.europesays.com\/fr\/wp-json\/wp\/v2\/posts\/177228","targetHints":{"allow":["GET"]}}],"collection":[{"href":"https:\/\/www.europesays.com\/fr\/wp-json\/wp\/v2\/posts"}],"about":[{"href":"https:\/\/www.europesays.com\/fr\/wp-json\/wp\/v2\/types\/post"}],"author":[{"embeddable":true,"href":"https:\/\/www.europesays.com\/fr\/wp-json\/wp\/v2\/users\/2"}],"replies":[{"embeddable":true,"href":"https:\/\/www.europesays.com\/fr\/wp-json\/wp\/v2\/comments?post=177228"}],"version-history":[{"count":0,"href":"https:\/\/www.europesays.com\/fr\/wp-json\/wp\/v2\/posts\/177228\/revisions"}],"wp:featuredmedia":[{"embeddable":true,"href":"https:\/\/www.europesays.com\/fr\/wp-json\/wp\/v2\/media\/177229"}],"wp:attachment":[{"href":"https:\/\/www.europesays.com\/fr\/wp-json\/wp\/v2\/media?parent=177228"}],"wp:term":[{"taxonomy":"category","embeddable":true,"href":"https:\/\/www.europesays.com\/fr\/wp-json\/wp\/v2\/categories?post=177228"},{"taxonomy":"post_tag","embeddable":true,"href":"https:\/\/www.europesays.com\/fr\/wp-json\/wp\/v2\/tags?post=177228"}],"curies":[{"name":"wp","href":"https:\/\/api.w.org\/{rel}","templated":true}]}}