{"id":177232,"date":"2025-06-15T01:24:17","date_gmt":"2025-06-15T01:24:17","guid":{"rendered":"https:\/\/www.europesays.com\/fr\/177232\/"},"modified":"2025-06-15T01:24:17","modified_gmt":"2025-06-15T01:24:17","slug":"stade-toulousain-malgre-une-legere-hausse-des-prix-la-campagne-dabonnements-vers-un-nouveau-record","status":"publish","type":"post","link":"https:\/\/www.europesays.com\/fr\/177232\/","title":{"rendered":"Stade Toulousain. Malgr\u00e9 une l\u00e9g\u00e8re hausse des prix, la campagne d&rsquo;abonnements \u00ab\u00a0vers un nouveau record\u00a0\u00bb"},"content":{"rendered":"<p>            Par<br \/>\n        <strong><br \/>\n            <a href=\"https:\/\/actu.fr\/auteur\/ancelin-emeryhenriot\" title=\"Consulter tous les articles de Ancelin Emery-Henriot\" rel=\"nofollow noopener\" target=\"_blank\">Ancelin Emery-Henriot<\/a><br \/>\n        <\/strong><\/p>\n<p>        Publi\u00e9 le<\/p>\n<p>            14 juin 2025 \u00e0 11h56        <\/p>\n<p>C\u2019est un \u00e9v\u00e9nement qui risque d\u2019\u00eatre tr\u00e8s <strong>attendu<\/strong>, au vu de la <a href=\"https:\/\/actu.fr\/occitanie\/toulouse_31555\/stade-toulousain-trouver-des-places-pour-aller-voir-les-rouge-et-noir-c-est-le-parcours-du-combattant_62591255.html\" rel=\"nofollow noopener\" target=\"_blank\">difficult\u00e9<\/a> que repr\u00e9sente l\u2019achat de places pour les matchs du Stade <a href=\"https:\/\/actu.fr\/toulouse\/\" rel=\"nofollow noopener\" target=\"_blank\">Toulousain<\/a>. Le club aux 23 titres de champion de France lancera sa <strong>campagne d\u2019abonnement<\/strong> pour les nouveaux venus dans les prochains jours. Cela intervient deux semaines seulement apr\u00e8s la fin de la phase de renouvellement pour les supporters d\u00e9j\u00e0 abonn\u00e9s. Et cette derni\u00e8re a plus que satisfait l\u2019administration Rouge et Noir. Les explications.<\/p>\n<p>En chasse de record<\/p>\n<p class=\" wall-content\">Il faut dire que le taux de r\u00e9abonnement a grimp\u00e9 au-del\u00e0 des <strong>90\u2009%<\/strong> \u00e0 l\u2019aube de la saison 2025-26. Un chiffre jamais vu auparavant. \u00c0 titre de comparaison, cette donn\u00e9e se situait entre 80 et 90\u2009% l\u2019\u00e9t\u00e9 dernier. Le club pr\u00e9cise de plus qu\u2019elle pourrait <strong>continuer de grimper,<\/strong> puisqu\u2019il garde une flexibilit\u00e9 pour les retardataires qui n\u2019ont pas respect\u00e9 la date limite de cl\u00f4ture, fix\u00e9e au 31\u00a0mai dernier.<\/p>\n<p class=\" wall-content\">Et alors que le Stade Toulousain avait battu l\u2019an pass\u00e9 son plus haut nombre d\u2019abonn\u00e9s, avec un total situ\u00e9 entre\u00a0<strong>8\u2009200 et\u00a08\u2009500<\/strong> supporters, ce dernier pourrait <strong>ne tenir qu\u2019une saison<\/strong>. \u201cSi les tendances observ\u00e9es lors des r\u00e9abonnements perdurent, on pourrait se diriger vers <strong>un nouveau record<\/strong>\u201d, confirme le club.<\/p>\n<p>Une hausse des prix d\u2019environ 10\u2009%<\/p>\n<p class=\" wall-content\">Seul point noir \u00e0 relever, une hausse des prix d\u2019environ <strong>10\u2009%<\/strong>, qui a surpris les supporters. \u201cEn \u00e9tant abonn\u00e9e, on pense naturellement que les tarifs devraient se maintenir, et au final, on tombe sur cette augmentation. <strong>Je ne m\u2019y attendais pas<\/strong> pour \u00eatre honn\u00eate\u201d, raconte Paule, abonn\u00e9e depuis la saison actuelle. Lucas, qui est dans la m\u00eame situation, ajoute\u2009: \u201c\u00c7a ne fait<strong> jamais plaisir<\/strong> de voir les tarifs monter.\u201d<\/p>\n<p class=\" wall-content\">Cette derni\u00e8re n\u2019est cependant pas encore motif d\u2019arr\u00eat pour les fans. Le supporter rouge et noir explique\u2009: \u201cJe comptais <strong>me r\u00e9abonner<\/strong> avant de savoir \u00e7a. \u00c7a m\u2019a fait un peu r\u00e9fl\u00e9chir, mais j\u2019ai d\u00e9cid\u00e9 de tout de m\u00eame rempiler.\u201d Sa camarade de tribune a confirm\u00e9 qu\u2019elle ferait de m\u00eame.<\/p>\n<p>Entretenir Ernest<\/p>\n<p class=\" wall-content\">L\u2019organisation du Stade Toulousain a confi\u00e9 plus de d\u00e9tails \u00e0 propos de cette hausse. Elle r\u00e9sulterait notamment d\u2019une augmentation du <strong>co\u00fbt d\u2019entretien<\/strong> d\u2019Ernest Wallon. Plus pr\u00e9cis\u00e9ment en termes de logistique, de s\u00e9curit\u00e9 et d\u2019\u00e9nergie. Mais le club tient \u00e0 <strong>compenser<\/strong>. Il souhaite remercier la fid\u00e9lit\u00e9 de ses fans en am\u00e9liorant l\u2019exp\u00e9rience au stade, avec de plus en plus d\u2019animation notamment.<\/p>\n<p class=\" wall-content\">Malgr\u00e9 tout, m\u00eame les supporters qui ont rempil\u00e9 ont \u00e9voqu\u00e9 <strong>des limites<\/strong>. Paule t\u00e9moigne par exemple\u2009: \u201c2, 3\u00a0ans de suite avec des prix croissants, ce sera encore supportable. Mais il y a un moment o\u00f9 \u00e7a va commencer \u00e0 faire <strong>s\u00e9rieusement douter.<\/strong>\u201d Et certains n\u2019ont pas attendu. Johan, abonn\u00e9 de 2007 \u00e0 2015 explique que l\u2019aspect financier n\u2019a pas \u00e9t\u00e9 le seul levier de son d\u00e9sabonnement, mais qu\u2019il a fait <strong>partie de la d\u00e9cision<\/strong>.<\/p>\n<p><strong>Infos pratiques<\/strong><br \/>Les abonnements pour la saison 2025-26 seront disponibles \u00e0 partir de 255\u00a0\u20ac<\/p>\n<p class=\" wall-content\">Suivez toute l\u2019actualit\u00e9 de vos villes et m\u00e9dias favoris en vous inscrivant \u00e0 <a href=\"https:\/\/moncompte.actu.fr\" title=\"D\u00e9couvez Mon Actu\" rel=\"nofollow noopener\" data-trk=\"{&quot;cta&quot;:{&quot;action&quot;:&quot;https:\\\/\\\/moncompte.actu.fr&quot;,&quot;category&quot;:&quot;mon compte&quot;,&quot;from&quot;:&quot;article footer&quot;,&quot;name&quot;:&quot;Mon actu&quot;,&quot;type&quot;:&quot;cta&quot;}}\" target=\"_blank\">Mon Actu<\/a>.<\/p>\n<ul class=\"ac-article-tag wall-content\">\n<li><a href=\"https:\/\/actu.fr\/tag\/ernest-wallon-2\" data-trk=\"{&quot;cta&quot;:{&quot;action&quot;:&quot;Ernest-Wallon&quot;,&quot;category&quot;:&quot;tag&quot;,&quot;from&quot;:&quot;article footer&quot;,&quot;name&quot;:&quot;Ernest-Wallon&quot;,&quot;type&quot;:&quot;cta&quot;}}\" rel=\"nofollow noopener\" target=\"_blank\">#Ernest-Wallon<\/a><\/li>\n<li><a href=\"https:\/\/actu.fr\/tag\/stade-toulousain\" data-trk=\"{&quot;cta&quot;:{&quot;action&quot;:&quot;Stade toulousain&quot;,&quot;category&quot;:&quot;tag&quot;,&quot;from&quot;:&quot;article footer&quot;,&quot;name&quot;:&quot;Stade toulousain&quot;,&quot;type&quot;:&quot;cta&quot;}}\" rel=\"nofollow noopener\" target=\"_blank\">#Stade toulousain<\/a><\/li>\n<\/ul>\n","protected":false},"excerpt":{"rendered":"Par Ancelin Emery-Henriot Publi\u00e9 le 14 juin 2025 \u00e0 11h56 C\u2019est un \u00e9v\u00e9nement qui risque d\u2019\u00eatre tr\u00e8s attendu,&hellip;\n","protected":false},"author":2,"featured_media":177233,"comment_status":"","ping_status":"","sticky":false,"template":"","format":"standard","meta":{"footnotes":""},"categories":[2816],"tags":[1111,11,3958,1777,674,1011,27,12,2680,25,479,60,476,2312],"class_list":{"0":"post-177232","1":"post","2":"type-post","3":"status-publish","4":"format-standard","5":"has-post-thumbnail","7":"category-toulouse","8":"tag-actu","9":"tag-actualites","10":"tag-ernest-wallon","11":"tag-eu","12":"tag-europe","13":"tag-fr","14":"tag-france","15":"tag-news","16":"tag-occitanie","17":"tag-republique-francaise","18":"tag-rugby","19":"tag-sports","20":"tag-stade-toulousain","21":"tag-toulouse"},"share_on_mastodon":{"url":"https:\/\/pubeurope.com\/@fr\/114684773192420371","error":""},"_links":{"self":[{"href":"https:\/\/www.europesays.com\/fr\/wp-json\/wp\/v2\/posts\/177232","targetHints":{"allow":["GET"]}}],"collection":[{"href":"https:\/\/www.europesays.com\/fr\/wp-json\/wp\/v2\/posts"}],"about":[{"href":"https:\/\/www.europesays.com\/fr\/wp-json\/wp\/v2\/types\/post"}],"author":[{"embeddable":true,"href":"https:\/\/www.europesays.com\/fr\/wp-json\/wp\/v2\/users\/2"}],"replies":[{"embeddable":true,"href":"https:\/\/www.europesays.com\/fr\/wp-json\/wp\/v2\/comments?post=177232"}],"version-history":[{"count":0,"href":"https:\/\/www.europesays.com\/fr\/wp-json\/wp\/v2\/posts\/177232\/revisions"}],"wp:featuredmedia":[{"embeddable":true,"href":"https:\/\/www.europesays.com\/fr\/wp-json\/wp\/v2\/media\/177233"}],"wp:attachment":[{"href":"https:\/\/www.europesays.com\/fr\/wp-json\/wp\/v2\/media?parent=177232"}],"wp:term":[{"taxonomy":"category","embeddable":true,"href":"https:\/\/www.europesays.com\/fr\/wp-json\/wp\/v2\/categories?post=177232"},{"taxonomy":"post_tag","embeddable":true,"href":"https:\/\/www.europesays.com\/fr\/wp-json\/wp\/v2\/tags?post=177232"}],"curies":[{"name":"wp","href":"https:\/\/api.w.org\/{rel}","templated":true}]}}