{"id":177234,"date":"2025-06-15T01:25:09","date_gmt":"2025-06-15T01:25:09","guid":{"rendered":"https:\/\/www.europesays.com\/fr\/177234\/"},"modified":"2025-06-15T01:25:09","modified_gmt":"2025-06-15T01:25:09","slug":"previsions-du-dimanche-15-juin-2025-9","status":"publish","type":"post","link":"https:\/\/www.europesays.com\/fr\/177234\/","title":{"rendered":"pr\u00e9visions du dimanche 15 juin 2025"},"content":{"rendered":"<p>Lille va \u00eatre baign\u00e9e de soleil au cours de cette journ\u00e9e. Il fera en moyenne 18\u00b0C. Un modeste vent d&rsquo;ouest sera ressenti par les habitants. Les temp\u00e9ratures seront comprises entre 20\u00b0C et 22\u00b0C dans l&rsquo;apr\u00e8s-midi. Le ciel va s&rsquo;\u00e9claircir dans la soir\u00e9e. Le ciel sera clair dans la nuit de dimanche \u00e0 lundi.<\/p>\n<p>Demain, on pr\u00e9voit pour Lille des valeurs avoisinant 18\u00b0C. Un vent de nord-ouest rafra\u00eechira sensiblement l&rsquo;atmosph\u00e8re. Le matin, l&rsquo;arriv\u00e9e du soleil sera retard\u00e9e par quelques nuages. Il faudra anticiper des perturbations, les Lillois se retrouveront sous des pluies \u00e9parses. Le mercure affichera 19\u00b0C en moyenne. C&rsquo;est un soleil radieux qui va briller demain apr\u00e8s-midi. Les temp\u00e9ratures s&rsquo;\u00e9chelonneront entre 22 et 23\u00b0C. Dans la soir\u00e9e, les temp\u00e9ratures seront de 19\u00b0C.<\/p>\n<p>Les jours se suivent et se ressemblent. Le temps sera ensoleill\u00e9 avec des temp\u00e9ratures d&rsquo;environ 21\u00b0C.<\/p>\n<p><\/p>\n","protected":false},"excerpt":{"rendered":"Lille va \u00eatre baign\u00e9e de soleil au cours de cette journ\u00e9e. Il fera en moyenne 18\u00b0C. Un modeste&hellip;\n","protected":false},"author":2,"featured_media":177235,"comment_status":"","ping_status":"","sticky":false,"template":"","format":"standard","meta":{"footnotes":""},"categories":[2815],"tags":[1111,11,1777,674,1011,27,811,1307,12,1308,1309,2119,25],"class_list":{"0":"post-177234","1":"post","2":"type-post","3":"status-publish","4":"format-standard","5":"has-post-thumbnail","7":"category-lille","8":"tag-actu","9":"tag-actualites","10":"tag-eu","11":"tag-europe","12":"tag-fr","13":"tag-france","14":"tag-hauts-de-france","15":"tag-lille","16":"tag-news","17":"tag-nord","18":"tag-nord-pas-de-calais","19":"tag-previsions-meteo","20":"tag-republique-francaise"},"share_on_mastodon":{"url":"https:\/\/pubeurope.com\/@fr\/114684777665039382","error":""},"_links":{"self":[{"href":"https:\/\/www.europesays.com\/fr\/wp-json\/wp\/v2\/posts\/177234","targetHints":{"allow":["GET"]}}],"collection":[{"href":"https:\/\/www.europesays.com\/fr\/wp-json\/wp\/v2\/posts"}],"about":[{"href":"https:\/\/www.europesays.com\/fr\/wp-json\/wp\/v2\/types\/post"}],"author":[{"embeddable":true,"href":"https:\/\/www.europesays.com\/fr\/wp-json\/wp\/v2\/users\/2"}],"replies":[{"embeddable":true,"href":"https:\/\/www.europesays.com\/fr\/wp-json\/wp\/v2\/comments?post=177234"}],"version-history":[{"count":0,"href":"https:\/\/www.europesays.com\/fr\/wp-json\/wp\/v2\/posts\/177234\/revisions"}],"wp:featuredmedia":[{"embeddable":true,"href":"https:\/\/www.europesays.com\/fr\/wp-json\/wp\/v2\/media\/177235"}],"wp:attachment":[{"href":"https:\/\/www.europesays.com\/fr\/wp-json\/wp\/v2\/media?parent=177234"}],"wp:term":[{"taxonomy":"category","embeddable":true,"href":"https:\/\/www.europesays.com\/fr\/wp-json\/wp\/v2\/categories?post=177234"},{"taxonomy":"post_tag","embeddable":true,"href":"https:\/\/www.europesays.com\/fr\/wp-json\/wp\/v2\/tags?post=177234"}],"curies":[{"name":"wp","href":"https:\/\/api.w.org\/{rel}","templated":true}]}}