{"id":177238,"date":"2025-06-15T01:27:11","date_gmt":"2025-06-15T01:27:11","guid":{"rendered":"https:\/\/www.europesays.com\/fr\/177238\/"},"modified":"2025-06-15T01:27:11","modified_gmt":"2025-06-15T01:27:11","slug":"et-si-chateau-gombert-saffranchissait-de-marseille","status":"publish","type":"post","link":"https:\/\/www.europesays.com\/fr\/177238\/","title":{"rendered":"et si Ch\u00e2teau-Gombert s&rsquo;affranchissait de Marseille ?"},"content":{"rendered":"<p>Un vieux sujet ressurgit\u00a0: l\u2019autonomie de <a href=\"https:\/\/www.laprovence.com\/article\/societe\/49357968603629\/marseille-chateau-gombert-raconte-par-ceux-qui-y-vivent-et-y-travaillent\" target=\"_blank\" rel=\"nofollow noopener\">Ch\u00e2teau-Gombert, dans le 13e arrondissement de Marseille<\/a>. C\u2019est Christian Bosq, conseiller municipal d\u00e9l\u00e9gu\u00e9 \u00e0 la culture proven\u00e7ale, qui le relance en cr\u00e9ant un mouvement politique au nom clair\u00a0: Ch\u00e2teau-Gombert ind\u00e9pendant. \u00ab\u00a0Ici, gr\u00e2ce aux associations et aux traditions, on fonctionne encore comme <a href=\"https:\/\/www.laprovence.com\/article\/politique\/1145618291053816\/casteu-gombert-le-quartier-de-chateau-gombert-de-marseille-disposera-dun-panneau-en-provencal\" target=\"_blank\" rel=\"nofollow noopener\">un village proven\u00e7al\u00a0<\/a>; \u00eatre autonome est donc r\u00e9alisable, croit l\u2019ancien colistier de Martine Vassal pass\u00e9 au Printemps marseillais. Il y aura, bien s\u00fbr, quelques difficult\u00e9s, comme convaincre les autres \u00e9lus.\u00a0\u00bb<\/p>\n<p>La loi impose l\u2019approbation des deux tiers des conseillers municipaux de Marseille, mais c\u2019est le maire qui d\u00e9cide de l\u2019ordre du jour de chaque s\u00e9ance sur les propositions de d\u00e9lib\u00e9rations qui lui sont faites, par un groupe politique par exemple. Or \u00e0 l\u2019h\u00f4tel de ville, on estime que \u00ab\u00a0Marseille est une et indivisible, et chaque noyau villageois, avec ses sp\u00e9cificit\u00e9s, compte\u00a0\u00bb. La validation de l\u2019\u00c9tat est ensuite n\u00e9cessaire. Mais il faudrait surtout que les habitants du quartier y soient favorables.<\/p>\n","protected":false},"excerpt":{"rendered":"Un vieux sujet ressurgit\u00a0: l\u2019autonomie de Ch\u00e2teau-Gombert, dans le 13e arrondissement de Marseille. C\u2019est Christian Bosq, conseiller municipal&hellip;\n","protected":false},"author":2,"featured_media":177239,"comment_status":"","ping_status":"","sticky":false,"template":"","format":"standard","meta":{"footnotes":""},"categories":[2814],"tags":[17,1111,11,13193,9067,932,1086,1777,674,1011,27,884,12,882,31339,16,25,31340],"class_list":{"0":"post-177238","1":"post","2":"type-post","3":"status-publish","4":"format-standard","5":"has-post-thumbnail","7":"category-marseille","8":"tag-17","9":"tag-actu","10":"tag-actualites","11":"tag-autonome","12":"tag-chateau-gombert","13":"tag-est","14":"tag-etre","15":"tag-eu","16":"tag-europe","17":"tag-fr","18":"tag-france","19":"tag-marseille","20":"tag-news","21":"tag-provence-alpes-cote-dazur","22":"tag-realisable","23":"tag-region","24":"tag-republique-francaise","25":"tag-saffranchissait"},"share_on_mastodon":{"url":"https:\/\/pubeurope.com\/@fr\/114684784979470606","error":""},"_links":{"self":[{"href":"https:\/\/www.europesays.com\/fr\/wp-json\/wp\/v2\/posts\/177238","targetHints":{"allow":["GET"]}}],"collection":[{"href":"https:\/\/www.europesays.com\/fr\/wp-json\/wp\/v2\/posts"}],"about":[{"href":"https:\/\/www.europesays.com\/fr\/wp-json\/wp\/v2\/types\/post"}],"author":[{"embeddable":true,"href":"https:\/\/www.europesays.com\/fr\/wp-json\/wp\/v2\/users\/2"}],"replies":[{"embeddable":true,"href":"https:\/\/www.europesays.com\/fr\/wp-json\/wp\/v2\/comments?post=177238"}],"version-history":[{"count":0,"href":"https:\/\/www.europesays.com\/fr\/wp-json\/wp\/v2\/posts\/177238\/revisions"}],"wp:featuredmedia":[{"embeddable":true,"href":"https:\/\/www.europesays.com\/fr\/wp-json\/wp\/v2\/media\/177239"}],"wp:attachment":[{"href":"https:\/\/www.europesays.com\/fr\/wp-json\/wp\/v2\/media?parent=177238"}],"wp:term":[{"taxonomy":"category","embeddable":true,"href":"https:\/\/www.europesays.com\/fr\/wp-json\/wp\/v2\/categories?post=177238"},{"taxonomy":"post_tag","embeddable":true,"href":"https:\/\/www.europesays.com\/fr\/wp-json\/wp\/v2\/tags?post=177238"}],"curies":[{"name":"wp","href":"https:\/\/api.w.org\/{rel}","templated":true}]}}