{"id":177253,"date":"2025-06-15T01:37:12","date_gmt":"2025-06-15T01:37:12","guid":{"rendered":"https:\/\/www.europesays.com\/fr\/177253\/"},"modified":"2025-06-15T01:37:12","modified_gmt":"2025-06-15T01:37:12","slug":"le-src-a-collabore-avec-plusieurs-entreprises-proches-de-la-russie-rts-ch","status":"publish","type":"post","link":"https:\/\/www.europesays.com\/fr\/177253\/","title":{"rendered":"Le SRC a collabor\u00e9 avec plusieurs entreprises proches de la Russie &#8211; rts.ch"},"content":{"rendered":"<p>L&rsquo;\u00e9quipe cyber du Service de renseignement de la Conf\u00e9d\u00e9ration (SRC) a \u00e9troitement collabor\u00e9 pendant plusieurs ann\u00e9es avec la controvers\u00e9e entreprise de logiciels Kaspersky. SRF a r\u00e9v\u00e9l\u00e9 que des donn\u00e9es hautement sensibles auraient ainsi \u00e9t\u00e9 transmises aux services de renseignement russes. Toujours selon SRF, Kaspersky n&rsquo;est pas le seul lien russe de l&rsquo;\u00e9quipe cyber entre 2015 et 2020. Deux autres entreprises pr\u00e9sentent des connexions frappantes.<\/p>\n<p>Dans le rapport d&rsquo;enqu\u00eate interne, auquel SRF Investigativ a eu acc\u00e8s, le service de renseignement liste une s\u00e9rie de \u00ab\u00a0contacts r\u00e9guliers\u00a0\u00bb de l&rsquo;\u00e9quipe cyber de l&rsquo;\u00e9poque. Kaspersky figure en t\u00eate de liste, suivie de pr\u00e8s par deux entreprises fournisseurs d&rsquo;acc\u00e8s: Nous les appellerons \u00ab\u00a0Bleu\u00a0\u00bb et \u00ab\u00a0Violette\u00a0\u00bb.<\/p>\n<p> &gt;&gt; Revoir le reportage du 19h30 sur les r\u00e9v\u00e9lations de SRF\u00a0:   <img decoding=\"async\" class=\"embed-responsive-item\" loading=\"lazy\" src=\"https:\/\/www.europesays.com\/fr\/wp-content\/uploads\/2025\/06\/ttfkh6-28905110.image\" alt=\"Une enqu\u00eate de SRF r\u00e9v\u00e8le que le SRC a collabor\u00e9 longuement avec les Russes\"\/>    Une enqu\u00eate de SRF r\u00e9v\u00e8le que le SRC a collabor\u00e9 longuement avec les Russes \/ 19h30 \/ 2 min. \/ le 4 juin 2025 \u00ab\u00a0D\u00e9but de la relation \u00e0 Moscou\u00a0\u00bb<\/p>\n<p>L&rsquo;entreprise fournisseur \u00ab\u00a0Bleu\u00a0\u00bb a certes son si\u00e8ge \u00e0 Zurich, mais elle a \u00e9t\u00e9 fond\u00e9e par deux ressortissants russes et un Suisse. L&rsquo;entreprise a \u00e9galement recherch\u00e9 du personnel en Russie, comme l&rsquo;indiquent des forums sp\u00e9cialis\u00e9s. Le SRC a d&rsquo;ailleurs \u00e9tabli le contact avec \u00ab\u00a0Bleu\u00a0\u00bb en Russie: \u00ab\u00a0D\u00e9but de la relation (&#8230;) en 2016 ou 2017 \u00e0 Moscou\u00a0\u00bb, peut-on lire dans le rapport secret. La collaboration entre l&rsquo;\u00e9quipe cyber du service de renseignement suisse et l&rsquo;entreprise fournisseur \u00ab\u00a0Bleu\u00a0\u00bb a \u00e9t\u00e9 \u00e9troite entre 2015 et 2020. L&rsquo;entreprise aurait fourni des donn\u00e9es de serveurs au moins une douzaine de fois. Selon le rapport secret, le SRC avait \u00e9galement un acc\u00e8s direct aux serveurs de \u00ab\u00a0Bleu\u00a0\u00bb &#8211; la mani\u00e8re dont cela \u00e9tait techniquement con\u00e7u reste floue.<\/p>\n<p>L&rsquo;entreprise d\u00e9ment tout lien avec le SRC ainsi qu&rsquo;avec la Russie. Elle affirme respecter toutes les lois suisses en vigueur.<br \/>Outre Kaspersky et le fournisseur \u00ab\u00a0Bleu\u00a0\u00bb, l&rsquo;entreprise \u00ab\u00a0Violette\u00a0\u00bb faisait partie, selon la liste du rapport secret, des trois principales entreprises partenaires de l&rsquo;\u00e9quipe cyber \u00e0 cette \u00e9poque.<\/p>\n<p>Kaspersky comme interm\u00e9diaire financier<\/p>\n<p>\u00ab\u00a0Violette\u00a0\u00bb exploite \u00e9galement des serveurs en Suisse et \u00e9tait \u00ab\u00a0la principale source d&rsquo;information\u00a0\u00bb pour l&rsquo;\u00e9quipe cyber du SRC. Selon le rapport, il y a eu des \u00ab\u00a0rencontres dans le canton du Tessin\u00a0\u00bb et des \u00ab\u00a0fondues \u00e0 Berne\u00a0\u00bb.<\/p>\n<p> <img decoding=\"async\" src=\"https:\/\/www.europesays.com\/fr\/wp-content\/uploads\/2025\/06\/11rjl4-28913109.image\" alt=\"Les serveurs en Suisse sont \u00e9galement utilis\u00e9s par les pirates informatiques. (Image symbolique) [SRF]\" title=\"Les serveurs en Suisse sont \u00e9galement utilis\u00e9s par les pirates informatiques. (Image symbolique) [SRF]\" loading=\"lazy\"\/>  Les serveurs en Suisse sont \u00e9galement utilis\u00e9s par les pirates informatiques. (Image symbolique) [SRF] <\/p>\n<p>Selon le rapport secret, l&rsquo;entreprise \u00ab\u00a0Violette\u00a0\u00bb s&rsquo;est fait remarquer par ses \u00ab\u00a0clients douteux\u00a0\u00bb. Les pirates informatiques russes semblaient particuli\u00e8rement appr\u00e9cier l&rsquo;utilisation de ces serveurs. Pour l&rsquo;\u00e9quipe cyber du SRC, charg\u00e9e d&rsquo;\u00e9lucider les cyberattaques, ces donn\u00e9es de serveurs \u00e9taient donc particuli\u00e8rement int\u00e9ressantes. Il existait une sorte de relation triangulaire avec Kaspersky. L&rsquo;entreprise fournisseur \u00ab\u00a0Violette\u00a0\u00bb a \u00e9galement collabor\u00e9 pendant plusieurs ann\u00e9es avec l&rsquo;entreprise russe de cybers\u00e9curit\u00e9.<\/p>\n<p>Le SRC a apparemment profit\u00e9 de cette constellation: ainsi, le service de renseignement suisse a fait transmettre des paiements \u00e0 l&rsquo;entreprise \u00ab\u00a0Violette\u00a0\u00bb par l&rsquo;interm\u00e9diaire de Kaspersky. S&rsquo;agissait de paiements pour des donn\u00e9es de serveurs ou d&rsquo;autres contreparties? L&rsquo;entreprise \u00ab\u00a0Violette\u00a0\u00bb n&rsquo;a pas donn\u00e9 suite aux sollicitations de SRF Investigativ.<\/p>\n<p>Le Conseil f\u00e9d\u00e9ral ouvre une enqu\u00eate<\/p>\n<p>Que signifient ces contacts d&rsquo;entreprises de l&rsquo;\u00e9quipe cyber? Le SRC ne prend pas position sur le fond \u00e0 la demande de SRF Investigativ et \u00e9crit de mani\u00e8re g\u00e9n\u00e9rale qu&rsquo;il ne commente \u00ab\u00a0aucun rapport secret vis-\u00e0-vis des m\u00e9dias\u00a0\u00bb. L&rsquo;\u00e9quipe cyber a entre-temps fait l&rsquo;objet d&rsquo;une r\u00e9organisation compl\u00e8te. Confront\u00e9 \u00e0 l&rsquo;enqu\u00eate de SRF Investigativ, le conseiller f\u00e9d\u00e9ral Martin Pfister a lanc\u00e9 la semaine derni\u00e8re une enqu\u00eate administrative externe. Selon les recherches de SRF, des proc\u00e9dures p\u00e9nales sont \u00e9galement en cours \u2013 l&rsquo;autorit\u00e9 ind\u00e9pendante de surveillance du service de renseignement a d\u00e9pos\u00e9 une plainte p\u00e9nale.<\/p>\n<p>Contenu externe<\/p>\n<p> Ce contenu externe ne peut pas \u00eatre affich\u00e9 car il est susceptible de collecter des donn\u00e9es personnelles. Pour voir ce contenu vous devez autoriser la cat\u00e9gorie <strong>Services Tiers<\/strong>. <\/p>\n<p> Accepter Plus d&rsquo;info <\/p>\n<p class=\"sources\">Maj-Britt Horlacher, Conradin Zellweger (SRF)<\/p>\n","protected":false},"excerpt":{"rendered":"L&rsquo;\u00e9quipe cyber du Service de renseignement de la Conf\u00e9d\u00e9ration (SRC) a \u00e9troitement collabor\u00e9 pendant plusieurs ann\u00e9es avec la&hellip;\n","protected":false},"author":2,"featured_media":177254,"comment_status":"","ping_status":"","sticky":false,"template":"","format":"standard","meta":{"footnotes":""},"categories":[1591],"tags":[11,2951,8617,8616,6359,1067,257,1887,6360,31341,31342,12,1885,1886,132,31343,31344,15978,31345,31346,31347],"class_list":{"0":"post-177253","1":"post","2":"type-post","3":"status-publish","4":"format-standard","5":"has-post-thumbnail","7":"category-russie","8":"tag-actualites","9":"tag-criminalite","10":"tag-dialogue","11":"tag-droit-et-justice","12":"tag-economie-et-finances","13":"tag-enquete","14":"tag-entreprise","15":"tag-federation-de-russie","16":"tag-informatique-et-telecommunications","17":"tag-kaspersky","18":"tag-medias-de-masse","19":"tag-news","20":"tag-russia","21":"tag-russian-federation","22":"tag-russie","23":"tag-schweizer-radio-und-fernsehen","24":"tag-serveur-informatique","25":"tag-service-de-renseignement","26":"tag-service-de-renseignement-de-la-confederation","27":"tag-technologies-de-linformation-et-de-la-communication","28":"tag-violette"},"share_on_mastodon":{"url":"https:\/\/pubeurope.com\/@fr\/114684824381352180","error":""},"_links":{"self":[{"href":"https:\/\/www.europesays.com\/fr\/wp-json\/wp\/v2\/posts\/177253","targetHints":{"allow":["GET"]}}],"collection":[{"href":"https:\/\/www.europesays.com\/fr\/wp-json\/wp\/v2\/posts"}],"about":[{"href":"https:\/\/www.europesays.com\/fr\/wp-json\/wp\/v2\/types\/post"}],"author":[{"embeddable":true,"href":"https:\/\/www.europesays.com\/fr\/wp-json\/wp\/v2\/users\/2"}],"replies":[{"embeddable":true,"href":"https:\/\/www.europesays.com\/fr\/wp-json\/wp\/v2\/comments?post=177253"}],"version-history":[{"count":0,"href":"https:\/\/www.europesays.com\/fr\/wp-json\/wp\/v2\/posts\/177253\/revisions"}],"wp:featuredmedia":[{"embeddable":true,"href":"https:\/\/www.europesays.com\/fr\/wp-json\/wp\/v2\/media\/177254"}],"wp:attachment":[{"href":"https:\/\/www.europesays.com\/fr\/wp-json\/wp\/v2\/media?parent=177253"}],"wp:term":[{"taxonomy":"category","embeddable":true,"href":"https:\/\/www.europesays.com\/fr\/wp-json\/wp\/v2\/categories?post=177253"},{"taxonomy":"post_tag","embeddable":true,"href":"https:\/\/www.europesays.com\/fr\/wp-json\/wp\/v2\/tags?post=177253"}],"curies":[{"name":"wp","href":"https:\/\/api.w.org\/{rel}","templated":true}]}}