{"id":177255,"date":"2025-06-15T01:38:11","date_gmt":"2025-06-15T01:38:11","guid":{"rendered":"https:\/\/www.europesays.com\/fr\/177255\/"},"modified":"2025-06-15T01:38:11","modified_gmt":"2025-06-15T01:38:11","slug":"volodymyr-zelensky-appelle-les-etats-unis-a-changer-de-ton-avec-la-russie","status":"publish","type":"post","link":"https:\/\/www.europesays.com\/fr\/177255\/","title":{"rendered":"Volodymyr Zelensky appelle les \u00c9tats-Unis \u00e0 \u00abchanger de ton\u00bb avec la Russie"},"content":{"rendered":"<p>Le pr\u00e9sident ukrainien estime que les \u00c9tats-Unis maintiennent un ton trop conciliant avec la Russie.<\/p>\n<p class=\"fig-paragraph\">Le pr\u00e9sident ukrainien\u00a0<a href=\"http:\/\/www.lefigaro.fr\/international\/guerre-en-ukraine-kiev-et-moscou-annoncent-avoir-echange-des-prisonniers-de-guerre-20250612\" data-fig-type=\"NewsFlash\" data-gtm-custom-categorie=\"navigation\" data-gtm-custom-action=\"crossclick\" data-gtm-custom-label=\"Contextuel\" data-gtm-event=\"customEventSPE\" data-fig-domain=\"LEFIGARO\" target=\"_blank\" rel=\"noopener\">Volodymyr Zelensky<\/a>\u00a0a appel\u00e9 samedi les \u00c9tats-Unis \u00e0 \u00abchanger de ton\u00bb avec la Russie, estimant que l&rsquo;administration de Donald Trump \u00e9tait trop cl\u00e9mente avec Moscou et doit au contraire renforcer les sanctions. \u00ab\u00c0 l&rsquo;heure actuelle, le ton du\u00a0<a href=\"http:\/\/www.lefigaro.fr\/international\/discussions-russo-americaines-le-kremlin-juge-peu-probable-des-resultats-rapides-avec-washington-20250611\" data-fig-type=\"NewsFlash\" data-gtm-custom-categorie=\"navigation\" data-gtm-custom-action=\"crossclick\" data-gtm-custom-label=\"Contextuel\" data-gtm-event=\"customEventSPE\" data-fig-domain=\"LEFIGARO\" target=\"_blank\" rel=\"noopener\">dialogue entre les \u00c9tats-Unis et la Russie<\/a> \u00a0semble trop conciliant. Soyons honn\u00eates\u00a0: cela n&rsquo;arr\u00eatera pas Poutine. Ce qu&rsquo;il faut, c&rsquo;est changer de ton\u00bb, a-t-il plaid\u00e9 sur X.<\/p>\n<p class=\"fig-paragraph\">Il a \u00e9galement estim\u00e9 que le soutien des Europ\u00e9ens \u00e0 l\u2019Ukraine \u00abralentissait\u00bb sur fond de d\u00e9sengagement partiel am\u00e9ricain sous l\u2019impulsion de Donald Trump, apr\u00e8s plus de trois ans d\u2019invasion russe. \u00abLa coalition des volontaires est en train de ralentir (&#8230;) Cette situation a montr\u00e9 que l\u2019Europe n\u2019a pas encore d\u00e9cid\u00e9 pour elle-m\u00eame si elle sera pleinement aux c\u00f4t\u00e9s de l\u2019Ukraine sans les \u00c9tats-Unis\u00bb, a d\u00e9clar\u00e9 Zelensky lors d\u2019une conf\u00e9rence de presse men\u00e9e vendredi mais diffus\u00e9e samedi.<\/p>\n<p>Les Russes revendiquent la capture d\u2019une localit\u00e9, Zelensky d\u00e9ment<\/p>\n<p class=\"fig-paragraph\">Le dirigeant ukrainien a en outre assur\u00e9 que l\u2019offensive russe dans la r\u00e9gion de Soumy, au nord de l\u2019Ukraine, avait \u00e9t\u00e9 stopp\u00e9e, alors m\u00eame que la Russie y a revendiqu\u00e9 la capture d\u2019une nouvelle localit\u00e9 la veille. Selon Zelensky, une incursion ukrainienne dans la r\u00e9gion russe de Koursk a conduit les forces russes \u00e0 scinder en deux leur contingent qui attaque la r\u00e9gion de Soumy et \u00ables a emp\u00each\u00e9es d\u2019avancer plus profond\u00e9ment\u00bb vers la capitale r\u00e9gionale \u00e9ponyme.<\/p>\n<p class=\"fig-paragraph\">Les forces russes se trouvent actuellement \u00e0 une vingtaine de kilom\u00e8tres de la ville de Soumy. Samedi, elles ont par ailleurs revendiqu\u00e9 la capture de la localit\u00e9 de Zeleny Kout dans la r\u00e9gion de Donetsk (est). Le pr\u00e9sident ukrainien a aussi d\u00e9menti que les forces de Moscou aient p\u00e9n\u00e9tr\u00e9 dans celle de Dnipropetrovsk (centre-est), qu\u2019elles ont annonc\u00e9 attaquer d\u00e9but juin. Il a enfin annonc\u00e9 que l\u2019Ukraine \u00abtravaille sur la possibilit\u00e9 de produire en s\u00e9rie des missiles balistiques\u00bb, sans d\u00e9tailler.<\/p>\n","protected":false},"excerpt":{"rendered":"Le pr\u00e9sident ukrainien estime que les \u00c9tats-Unis maintiennent un ton trop conciliant avec la Russie. Le pr\u00e9sident ukrainien\u00a0Volodymyr&hellip;\n","protected":false},"author":2,"featured_media":177256,"comment_status":"","ping_status":"","sticky":false,"template":"","format":"standard","meta":{"footnotes":""},"categories":[1590],"tags":[259,11,260,1777,674,14,261,12,262,220,134],"class_list":{"0":"post-177255","1":"post","2":"type-post","3":"status-publish","4":"format-standard","5":"has-post-thumbnail","7":"category-ukraine","8":"tag-actualite-internationale","9":"tag-actualites","10":"tag-affaires-etrangeres","11":"tag-eu","12":"tag-europe","13":"tag-international","14":"tag-ministere-des-affaires-etrangeres","15":"tag-news","16":"tag-politique-etrangere","17":"tag-ukraine","18":"tag-volodymyr-zelensky"},"share_on_mastodon":{"url":"https:\/\/pubeurope.com\/@fr\/114684828251346961","error":""},"_links":{"self":[{"href":"https:\/\/www.europesays.com\/fr\/wp-json\/wp\/v2\/posts\/177255","targetHints":{"allow":["GET"]}}],"collection":[{"href":"https:\/\/www.europesays.com\/fr\/wp-json\/wp\/v2\/posts"}],"about":[{"href":"https:\/\/www.europesays.com\/fr\/wp-json\/wp\/v2\/types\/post"}],"author":[{"embeddable":true,"href":"https:\/\/www.europesays.com\/fr\/wp-json\/wp\/v2\/users\/2"}],"replies":[{"embeddable":true,"href":"https:\/\/www.europesays.com\/fr\/wp-json\/wp\/v2\/comments?post=177255"}],"version-history":[{"count":0,"href":"https:\/\/www.europesays.com\/fr\/wp-json\/wp\/v2\/posts\/177255\/revisions"}],"wp:featuredmedia":[{"embeddable":true,"href":"https:\/\/www.europesays.com\/fr\/wp-json\/wp\/v2\/media\/177256"}],"wp:attachment":[{"href":"https:\/\/www.europesays.com\/fr\/wp-json\/wp\/v2\/media?parent=177255"}],"wp:term":[{"taxonomy":"category","embeddable":true,"href":"https:\/\/www.europesays.com\/fr\/wp-json\/wp\/v2\/categories?post=177255"},{"taxonomy":"post_tag","embeddable":true,"href":"https:\/\/www.europesays.com\/fr\/wp-json\/wp\/v2\/tags?post=177255"}],"curies":[{"name":"wp","href":"https:\/\/api.w.org\/{rel}","templated":true}]}}