{"id":177258,"date":"2025-06-15T01:40:10","date_gmt":"2025-06-15T01:40:10","guid":{"rendered":"https:\/\/www.europesays.com\/fr\/177258\/"},"modified":"2025-06-15T01:40:10","modified_gmt":"2025-06-15T01:40:10","slug":"sous-la-pression-de-musk-le-royaume-uni-va-ouvrir-une-enquete-sur-les-abus-sexuels","status":"publish","type":"post","link":"https:\/\/www.europesays.com\/fr\/177258\/","title":{"rendered":"Sous la pression de Musk, le Royaume-Uni va ouvrir une enqu\u00eate sur les abus sexuels"},"content":{"rendered":"<p>Le gouvernement britannique a annonc\u00e9 samedi la tenue d\u2019une enqu\u00eate nationale sur les abus sexuels contre des enfants, une mesure que l\u2019opposition et Elon Musk r\u00e9clament depuis longtemps.<\/p>\n<p>Le premier ministre Keir Starmer a d\u00e9clar\u00e9 qu\u2019il accepterait la recommandation d\u2019un examinateur ind\u00e9pendant pour une enqu\u00eate men\u00e9e par un juge, avec le pouvoir de convoquer des t\u00e9moins.<\/p>\n<p>M.\u00a0Starmer a d\u00e9clar\u00e9 qu\u2019il \u00abr\u00e9examinerait\u00bb et m\u00e8nerait une enqu\u00eate sur ce que la presse a qualifi\u00e9 de \u00ab\u00a0gangs de p\u00e9dophiles\u00a0\u00bb, des hommes qui s\u2019en prennent souvent \u00e0 des femmes jeunes et vuln\u00e9rables.<\/p>\n<p>Dans certaines des affaires les plus m\u00e9diatis\u00e9es jug\u00e9es, les auteurs \u00e9taient des hommes d\u2019origine pakistanaise, et la question a \u00e9t\u00e9 reprise par des politiciens de centre-droit, dont le chef de file de Reform UK, Nigel Farage, et encourag\u00e9e par Elon Musk, qui a utilis\u00e9 sa plateforme X pour condamner Keir Starmer sur cette question.<\/p>\n<p>Elon Musk a critiqu\u00e9 le premier ministre Starmer pour ne pas avoir soutenu une enqu\u00eate nationale sur cette affaire, \u00e0 la suite d\u2019une demande des autorit\u00e9s locales d\u2019Oldham, une ville du nord de l\u2019Angleterre o\u00f9 la police a d\u00e9couvert que des jeunes filles de moins de 18\u00a0ans avaient \u00e9t\u00e9 exploit\u00e9es sexuellement par des groupes d\u2019hommes dans les ann\u00e9es 2000 et 2010. <\/p>\n<p>Elon Musk a \u00e9galement all\u00e9gu\u00e9 que M.\u00a0Starmer n\u2019avait pas traduit les auteurs en justice lorsqu\u2019il \u00e9tait procureur g\u00e9n\u00e9ral d\u2019Angleterre entre 2008 et 2013, une accusation que le premier ministre a vigoureusement ni\u00e9e.<\/p>\n<p>\u00c9tant donn\u00e9 que les affaires d\u2019Oldham et d\u2019autres similaires dans plusieurs autres villes concernaient principalement des jeunes filles blanches abus\u00e9es par des hommes, en grande partie d\u2019origine pakistanaise, cette affaire a \u00e9t\u00e9 instrumentalis\u00e9e pour lier les abus sexuels sur mineurs \u00e0 l\u2019immigration et pour accuser les responsables politiques de dissimuler ces crimes par crainte de para\u00eetre racistes. <\/p>\n<p>Un rapport de 2022 sur les \u00e9v\u00e9nements survenus \u00e0 Oldham, ville du nord-ouest de l\u2019Angleterre, entre 2011 et 2014, a r\u00e9v\u00e9l\u00e9 que les enfants avaient \u00e9t\u00e9 abandonn\u00e9s par les agences locales, mais qu\u2019aucune dissimulation n\u2019avait \u00e9t\u00e9 faite malgr\u00e9 des \u00abinqui\u00e9tudes l\u00e9gitimes\u00bb quant \u00e0 une possible exploitation par l\u2019extr\u00eame droite des \u00abcondamnations tr\u00e8s m\u00e9diatis\u00e9es de d\u00e9linquants, principalement pakistanais, \u00e0 travers le pays\u00bb.<\/p>\n<p>En janvier, le gouvernement a affirm\u00e9 qu\u2019il soutiendrait plusieurs enqu\u00eates locales sur l\u2019exploitation des enfants dans les villes o\u00f9 des bandes criminelles \u00e9taient poursuivies. Il avait pr\u00e9c\u00e9demment d\u00e9clar\u00e9 qu\u2019il n\u2019\u00e9tait pas n\u00e9cessaire de mener d\u2019autres enqu\u00eates apr\u00e8s une s\u00e9rie d\u2019enqu\u00eates pr\u00e9c\u00e9dentes, tant locales que nationales.<\/p>\n<p>Une enqu\u00eate de sept ans a \u00e9t\u00e9 men\u00e9e sous le pr\u00e9c\u00e9dent gouvernement conservateur, mais nombre des 20\u00a0recommandations formul\u00e9es en 2022, notamment l\u2019indemnisation des victimes d\u2019abus, n\u2019ont pas encore \u00e9t\u00e9 mises en \u0153uvre.<\/p>\n<p>Le gouvernement Starmer a \u00e9galement demand\u00e9 \u00e0 Louise Casey, experte en droits des victimes et en protection sociale, d\u2019examiner les conclusions pr\u00e9c\u00e9dentes. Son rapport a \u00e9t\u00e9 soumis au gouvernement, mais n\u2019a pas encore \u00e9t\u00e9 publi\u00e9. <\/p>\n<p>\u00abJe n\u2019ai jamais dit que nous ne devrions pas r\u00e9examiner une question, a expliqu\u00e9 le premier ministre Starmer alors qu\u2019il s\u2019envolait pour le Canada pour un sommet du G7. Je voulais en \u00eatre s\u00fbr avant toute enqu\u00eate. C\u2019est pourquoi j\u2019ai demand\u00e9 \u00e0 Louise Casey, que je respecte \u00e9norm\u00e9ment, de r\u00e9aliser un audit.\u00bb<\/p>\n<p>\u00abLorsqu\u2019elle a lanc\u00e9 l\u2019audit, sa position \u00e9tait qu\u2019il n\u2019\u00e9tait pas vraiment n\u00e9cessaire de mener une enqu\u00eate nationale au-del\u00e0 de ce qui se passait. Elle a examin\u00e9 les documents qu\u2019elle a consult\u00e9s et, sur la base de ce qu\u2019elle a vu, elle est arriv\u00e9e \u00e0 la conclusion qu\u2019une enqu\u00eate nationale devrait \u00eatre men\u00e9e, a-t-il dit. J\u2019ai lu son rapport dans son int\u00e9gralit\u00e9 et j\u2019accepte sa recommandation.\u00bb<\/p>\n<p>Le principal parti d\u2019opposition, le Parti conservateur, a r\u00e9agi rapidement. <\/p>\n<p>\u00abLes autorit\u00e9s ont d\u00e9lib\u00e9r\u00e9ment dissimul\u00e9 le viol syst\u00e9matique de milliers de filles, dont certaines n\u2019avaient que 10\u00a0ans, car les auteurs \u00e9taient principalement d\u2019origine pakistanaise. Elles estimaient que les relations raciales \u00e9taient plus importantes que la protection des jeunes filles, a expliqu\u00e9 Chris Philp, porte-parole conservateur charg\u00e9 de l\u2019ordre public. La v\u00e9rit\u00e9 doit maintenant \u00e9clater et les personnes en position d\u2019autorit\u00e9 responsables de cette dissimulation doivent rendre des comptes.\u00bb<\/p>\n","protected":false},"excerpt":{"rendered":"Le gouvernement britannique a annonc\u00e9 samedi la tenue d\u2019une enqu\u00eate nationale sur les abus sexuels contre des enfants,&hellip;\n","protected":false},"author":2,"featured_media":177259,"comment_status":"","ping_status":"","sticky":false,"template":"","format":"standard","meta":{"footnotes":""},"categories":[1588],"tags":[11,1777,674,1854,20106,4576,12,473,1853,1851,1850,1852],"class_list":{"0":"post-177258","1":"post","2":"type-post","3":"status-publish","4":"format-standard","5":"has-post-thumbnail","7":"category-royaume-uni","8":"tag-actualites","9":"tag-eu","10":"tag-europe","11":"tag-https-lactualite-com-sujet-international","12":"tag-https-lactualite-com-sujet-justice","13":"tag-https-lactualite-com-sujet-politique","14":"tag-news","15":"tag-royaume-uni","16":"tag-royaume-uni-de-grande-bretagne-et-dirlande-du-nord","17":"tag-uk","18":"tag-united-kingdom","19":"tag-united-kingdom-of-great-britain-and-northern-ireland"},"share_on_mastodon":{"url":"https:\/\/pubeurope.com\/@fr\/114684836495259952","error":""},"_links":{"self":[{"href":"https:\/\/www.europesays.com\/fr\/wp-json\/wp\/v2\/posts\/177258","targetHints":{"allow":["GET"]}}],"collection":[{"href":"https:\/\/www.europesays.com\/fr\/wp-json\/wp\/v2\/posts"}],"about":[{"href":"https:\/\/www.europesays.com\/fr\/wp-json\/wp\/v2\/types\/post"}],"author":[{"embeddable":true,"href":"https:\/\/www.europesays.com\/fr\/wp-json\/wp\/v2\/users\/2"}],"replies":[{"embeddable":true,"href":"https:\/\/www.europesays.com\/fr\/wp-json\/wp\/v2\/comments?post=177258"}],"version-history":[{"count":0,"href":"https:\/\/www.europesays.com\/fr\/wp-json\/wp\/v2\/posts\/177258\/revisions"}],"wp:featuredmedia":[{"embeddable":true,"href":"https:\/\/www.europesays.com\/fr\/wp-json\/wp\/v2\/media\/177259"}],"wp:attachment":[{"href":"https:\/\/www.europesays.com\/fr\/wp-json\/wp\/v2\/media?parent=177258"}],"wp:term":[{"taxonomy":"category","embeddable":true,"href":"https:\/\/www.europesays.com\/fr\/wp-json\/wp\/v2\/categories?post=177258"},{"taxonomy":"post_tag","embeddable":true,"href":"https:\/\/www.europesays.com\/fr\/wp-json\/wp\/v2\/tags?post=177258"}],"curies":[{"name":"wp","href":"https:\/\/api.w.org\/{rel}","templated":true}]}}