{"id":177264,"date":"2025-06-15T01:43:10","date_gmt":"2025-06-15T01:43:10","guid":{"rendered":"https:\/\/www.europesays.com\/fr\/177264\/"},"modified":"2025-06-15T01:43:10","modified_gmt":"2025-06-15T01:43:10","slug":"figure-majeure-de-lunderground-tcheque-filip-topol-aurait-eu-60-ans","status":"publish","type":"post","link":"https:\/\/www.europesays.com\/fr\/177264\/","title":{"rendered":"Figure majeure de l\u2019underground tch\u00e8que, Filip Topol aurait eu 60 ans"},"content":{"rendered":"<p>Le 12 juin dernier, le po\u00e8te et musicien Filip Topol, leader du groupe Ps\u00ed Voj\u00e1ci et grande figure de l\u2019underground tch\u00e9coslovaque avant la r\u00e9volution de Velours, aurait eu 60 ans. Souffrant de probl\u00e8mes de sant\u00e9 dus \u00e0 une consommation abusive d\u2019alcool, il est mort pr\u00e9matur\u00e9ment \u00e0 l\u2019\u00e2ge de 48 ans le 19 juin 2013.<\/p>\n<p>L\u2019anniversaire posthume de Filip Topol correspond \u00e0 un autre anniversaire\u00a0: les 40 ans du p\u00e9riodique Revolver Revue, p\u00e9riodique d\u2019autod\u00e9fense culturelle comme il aime \u00e0 se pr\u00e9senter. Fond\u00e9e en 1985 par le fr\u00e8re de Filip, l\u2019\u00e9crivain J\u00e1chym Topol, le graphiste Viktor Karl\u00edk et le journaliste Ivan Lamper, la revue qui para\u00eet en samizdat est une activit\u00e9 d\u2019\u00e9dition dangereuse mais qui entend \u00eatre une plateforme rigoureuse et exigeante au niveau culturel.<\/p>\n<p><a href=\"https:\/\/francais.radio.cz\/sites\/default\/files\/styles\/rcz_lightbox_v2\/public\/images\/ddd9346100f467e1dfaca8395e85b2d5.jpg?itok=Qig3m3Ei&amp;timestamp=1749808852\" class=\"photoswipe\" data-size=\"1920x1280\" data-overlay-title=\"&#039;Filip Topol 099727 caract\u00e8res espaces compris&#039; | Photo: Revolver Revue\" target=\"_blank\" rel=\"noopener\"><\/p>\n<p><img  alt=\"'Filip Topol 099727 caract\u00e8res espaces compris' | Photo: Revolver Revue\" title=\"'Filip Topol 099727 caract\u00e8res espaces compris' | Photo: Revolver Revue\"\/><\/p>\n<p><\/a><\/p>\n<p>&lsquo;Filip Topol 099727 caract\u00e8res espaces compris&rsquo;|Photo: Revolver Revue<\/p>\n<p>Pour son 40e anniversaire, donc, la revue a souhait\u00e9 rendre hommage aux personnalit\u00e9s qui ont un jou\u00e9 un r\u00f4le essentiel \u00e0 ses d\u00e9buts\u00a0: Filip Topol en faisait partie et il n\u2019est donc gu\u00e8re \u00e9tonnant que la revue ait \u00e9dit\u00e9 \u00e0 cette occasion un livre sur le musicien, intitul\u00e9\u00a0: \u00ab\u00a0Filip Topol 99727 caract\u00e8res espaces compris.\u00a0\u00bb<\/p>\n<p><a href=\"https:\/\/francais.radio.cz\/sites\/default\/files\/styles\/rcz_lightbox_v2\/public\/images\/1eaab3105b547a399ac62fa71da52419.jpg?itok=DYnl9_JK&amp;timestamp=1749808948\" class=\"photoswipe\" data-size=\"1280x1734\" data-overlay-title=\"Ps\u00ed voj\u00e1ci - Filip Topol,  Folimanka  (1974-1982) | Photo: Ji\u0159\u00ed Volek,  Popmuseum\" target=\"_blank\" rel=\"noopener\"><\/p>\n<p><img  alt=\"Ps\u00ed voj\u00e1ci - Filip Topol,  Folimanka  (1974-1982) | Photo: Ji\u0159\u00ed Volek,  Popmuseum\" title=\"Ps\u00ed voj\u00e1ci - Filip Topol,  Folimanka  (1974-1982) | Photo: Ji\u0159\u00ed Volek,  Popmuseum\"\/><\/p>\n<p><\/a><\/p>\n<p>Ps\u00ed voj\u00e1ci &#8211; Filip Topol, Folimanka (1974-1982)|Photo: Ji\u0159\u00ed Volek, Popmuseum<\/p>\n<p>Car les textes po\u00e9tiques et en prose de Filip Topol, sont une \u0153uvre \u00e0 part enti\u00e8re, reconnue apr\u00e8s la r\u00e9volution de Velours, et m\u00eame traduits dans plusieurs langues \u00e9trang\u00e8res. Mais il est vrai que c\u2019est aussi et surtout pour ses chansons que le public le retient, lui qui a cr\u00e9\u00e9 le groupe Ps\u00ed Voj\u00e1ci (Les soldats chiens) figure de proue de l\u2019underground avant 1989 puis de la musique alternative en R\u00e9publique tch\u00e8que apr\u00e8s la r\u00e9volution de Velours. Avec des titres comme Chce se mi sp\u00e1t, \u017diletky ou encore Russian Mystic Pop, Filip Topol cr\u00e9e des chansons telles des hymnes \u00e9nergiques et d\u00e9sesp\u00e9r\u00e9s.<\/p>\n<p>Les concerts de ce fils de dramaturge et petit-fils et fr\u00e8re d\u2019\u00e9crivain \u00e9taient \u00e0 l\u2019aune du personnage qui disait\u00a0de son jeu de piano : \u00ab\u00a0J\u2019ai parfois l&rsquo;impression de dompter le piano comme un cheval sauvage\u00a0\u00bb. Et pour cause, le qualificatif \u00ab\u00a0expressif\u00a0\u00bb s\u2019av\u00e8re presque insuffisant pour en rendre la teneur.<\/p>\n<p>\n  Video of Ps\u00ed  voj\u00e1ci &#8211; na Chmelnici 1991\n<\/p>\n<p>Car oui, il fallait le voir jouer pour en comprendre l\u2019intensit\u00e9 existentielle de sa musique, lui qui parfois frappait si fort son piano qu\u2019il lui arrivait de se briser les articulations et de laisser le clavier en sang.<\/p>\n<p>\n  Video of Filip Topol &#8211; I\u00b4m lucky  (live 2010)<\/p>\n","protected":false},"excerpt":{"rendered":"Le 12 juin dernier, le po\u00e8te et musicien Filip Topol, leader du groupe Ps\u00ed Voj\u00e1ci et grande figure&hellip;\n","protected":false},"author":2,"featured_media":177265,"comment_status":"","ping_status":"","sticky":false,"template":"","format":"standard","meta":{"footnotes":""},"categories":[1586],"tags":[11,251,1777,674,1779,1011,27,873,12,30961,25,11790,1778,364],"class_list":{"0":"post-177264","1":"post","2":"type-post","3":"status-publish","4":"format-standard","5":"has-post-thumbnail","7":"category-europe","8":"tag-actualites","9":"tag-culture","10":"tag-eu","11":"tag-europe","12":"tag-european-union","13":"tag-fr","14":"tag-france","15":"tag-musique","16":"tag-news","17":"tag-radio-prague-international","18":"tag-republique-francaise","19":"tag-republique-tcheque","20":"tag-ue","21":"tag-union-europeenne"},"share_on_mastodon":{"url":"https:\/\/pubeurope.com\/@fr\/114684847999102696","error":""},"_links":{"self":[{"href":"https:\/\/www.europesays.com\/fr\/wp-json\/wp\/v2\/posts\/177264","targetHints":{"allow":["GET"]}}],"collection":[{"href":"https:\/\/www.europesays.com\/fr\/wp-json\/wp\/v2\/posts"}],"about":[{"href":"https:\/\/www.europesays.com\/fr\/wp-json\/wp\/v2\/types\/post"}],"author":[{"embeddable":true,"href":"https:\/\/www.europesays.com\/fr\/wp-json\/wp\/v2\/users\/2"}],"replies":[{"embeddable":true,"href":"https:\/\/www.europesays.com\/fr\/wp-json\/wp\/v2\/comments?post=177264"}],"version-history":[{"count":0,"href":"https:\/\/www.europesays.com\/fr\/wp-json\/wp\/v2\/posts\/177264\/revisions"}],"wp:featuredmedia":[{"embeddable":true,"href":"https:\/\/www.europesays.com\/fr\/wp-json\/wp\/v2\/media\/177265"}],"wp:attachment":[{"href":"https:\/\/www.europesays.com\/fr\/wp-json\/wp\/v2\/media?parent=177264"}],"wp:term":[{"taxonomy":"category","embeddable":true,"href":"https:\/\/www.europesays.com\/fr\/wp-json\/wp\/v2\/categories?post=177264"},{"taxonomy":"post_tag","embeddable":true,"href":"https:\/\/www.europesays.com\/fr\/wp-json\/wp\/v2\/tags?post=177264"}],"curies":[{"name":"wp","href":"https:\/\/api.w.org\/{rel}","templated":true}]}}