{"id":177273,"date":"2025-06-15T01:48:13","date_gmt":"2025-06-15T01:48:13","guid":{"rendered":"https:\/\/www.europesays.com\/fr\/177273\/"},"modified":"2025-06-15T01:48:13","modified_gmt":"2025-06-15T01:48:13","slug":"dans-ce-village-du-lot-on-va-bientot-pouvoir-jouer-au-beach-volley","status":"publish","type":"post","link":"https:\/\/www.europesays.com\/fr\/177273\/","title":{"rendered":"Dans ce village du Lot, on va bient\u00f4t pouvoir jouer au beach-volley"},"content":{"rendered":"<p>            Par<br \/>\n        <strong><br \/>\n            <a href=\"https:\/\/actu.fr\/auteur\/redaction-viequercynoise\" title=\"Consulter tous les articles de R\u00e9daction Cahors\" rel=\"nofollow noopener\" target=\"_blank\">R\u00e9daction Cahors<\/a><br \/>\n        <\/strong><\/p>\n<p>        Publi\u00e9 le<\/p>\n<p>            14 juin 2025 \u00e0 7h00        <\/p>\n<p>La Mairie de <a href=\"https:\/\/actu.fr\/occitanie\/lalbenque_46148\" rel=\"nofollow noopener\" target=\"_blank\"><b>Lalbenque<\/b><\/a>, dans le <b>Lot<\/b>, suite au choix des habitants, est en train d\u2019installer en ce mois de juin 2025 un<b> terrain de beach-volley<\/b> au coeur du village. Un \u00e9quipement appr\u00e9ci\u00e9 par la population \u00e0 quelques jours de l\u2019\u00e9t\u00e9.<\/p>\n<p>Gr\u00e2ce au budget participatif de Lalbenque<\/p>\n<p class=\" wall-content\">\u00c0 Lalbenque, chaque ann\u00e9e, est propos\u00e9 <a href=\"https:\/\/actu.fr\/occitanie\/lalbenque_46148\/cette-commune-du-lot-lance-son-nouveau-budget-participatif-et-invite-a-voter_62666934.html\" rel=\"nofollow noopener\" target=\"_blank\">un budget participatif o\u00f9 les habitants votent des projets.<\/a> En 2024 pour la 4e \u00e9dition, 6 projets avaient \u00e9t\u00e9 pr\u00e9sent\u00e9s au vote des habitants de plus de 10\u00a0ans pour un budget de 15 000\u00a0\u20ac pour les projets laur\u00e9ats.<\/p>\n<p>    <a href=\"https:\/\/maps.google.com\/maps?q=44.3370106,1.5439334&amp;z=15&amp;output=embed\" title=\"Ouvrie le lien\" rel=\"nofollow noopener\" target=\"_blank\">Cliquez ici pour visualiser le contenu<\/a><\/p>\n<p class=\" wall-content\">Parmi ceux retenus, celui pr\u00e9sent\u00e9 par Lalbenque-Multisport : un terrain de Beach-Volley.<\/p>\n<p>    <img   decoding=\"async\" loading=\"lazy\" class=\"size-large\" src=\"https:\/\/www.europesays.com\/fr\/wp-content\/uploads\/2025\/06\/f870af75c54860d70af75c548f080av-960x640.jpg\" alt=\"Les membres du club posent la cl\u00f4ture du beach-volley\" width=\"960\" height=\"640\"\/><br \/>\n    Les membres du club posent la cl\u00f4ture du beach-volley \u00a9jlmVid\u00e9os : en ce moment sur ActuDerri\u00e8re la piscine<\/p>\n<p class=\" wall-content\">Actuellement un chantier prend forme et notamment avec sa cl\u00f4ture faite par le club, derri\u00e8re la piscine de Lalbenque pour la mise en place de ce terrain pour tous. Projet r\u00e9alis\u00e9 par la commune gr\u00e2ce au Budget participatif et au vote des habitants.<\/p>\n<p class=\" wall-content\">La section Volley-ball du club Lalbenque Multisport qui a pr\u00e9sent\u00e9 le projet, collabore \u00e0 sa mise en place pour le mat\u00e9riel et le grillage.<\/p>\n<p class=\" wall-content\">Ce terrain se pr\u00eatera \u00e0 <b>tous les jeux sur le sable et pour tous<\/b> : Beach-Volley, beach-tennis, speedminton et autres.\u00a0<\/p>\n<p class=\" wall-content\">Suivez toute l\u2019actualit\u00e9 de vos villes et m\u00e9dias favoris en vous inscrivant \u00e0 <a href=\"https:\/\/moncompte.actu.fr\" title=\"D\u00e9couvez Mon Actu\" rel=\"nofollow noopener\" data-trk=\"{&quot;cta&quot;:{&quot;action&quot;:&quot;https:\\\/\\\/moncompte.actu.fr&quot;,&quot;category&quot;:&quot;mon compte&quot;,&quot;from&quot;:&quot;article footer&quot;,&quot;name&quot;:&quot;Mon actu&quot;,&quot;type&quot;:&quot;cta&quot;}}\" target=\"_blank\">Mon Actu<\/a>.<\/p>\n","protected":false},"excerpt":{"rendered":"Par R\u00e9daction Cahors Publi\u00e9 le 14 juin 2025 \u00e0 7h00 La Mairie de Lalbenque, dans le Lot, suite&hellip;\n","protected":false},"author":2,"featured_media":177274,"comment_status":"","ping_status":"","sticky":false,"template":"","format":"standard","meta":{"footnotes":""},"categories":[1417],"tags":[1011,27,1652,60,1470,1469],"class_list":{"0":"post-177273","1":"post","2":"type-post","3":"status-publish","4":"format-standard","5":"has-post-thumbnail","7":"category-volley","8":"tag-fr","9":"tag-france","10":"tag-loisirs-culture","11":"tag-sports","12":"tag-volley","13":"tag-volleyball"},"share_on_mastodon":{"url":"https:\/\/pubeurope.com\/@fr\/114684867710903225","error":""},"_links":{"self":[{"href":"https:\/\/www.europesays.com\/fr\/wp-json\/wp\/v2\/posts\/177273","targetHints":{"allow":["GET"]}}],"collection":[{"href":"https:\/\/www.europesays.com\/fr\/wp-json\/wp\/v2\/posts"}],"about":[{"href":"https:\/\/www.europesays.com\/fr\/wp-json\/wp\/v2\/types\/post"}],"author":[{"embeddable":true,"href":"https:\/\/www.europesays.com\/fr\/wp-json\/wp\/v2\/users\/2"}],"replies":[{"embeddable":true,"href":"https:\/\/www.europesays.com\/fr\/wp-json\/wp\/v2\/comments?post=177273"}],"version-history":[{"count":0,"href":"https:\/\/www.europesays.com\/fr\/wp-json\/wp\/v2\/posts\/177273\/revisions"}],"wp:featuredmedia":[{"embeddable":true,"href":"https:\/\/www.europesays.com\/fr\/wp-json\/wp\/v2\/media\/177274"}],"wp:attachment":[{"href":"https:\/\/www.europesays.com\/fr\/wp-json\/wp\/v2\/media?parent=177273"}],"wp:term":[{"taxonomy":"category","embeddable":true,"href":"https:\/\/www.europesays.com\/fr\/wp-json\/wp\/v2\/categories?post=177273"},{"taxonomy":"post_tag","embeddable":true,"href":"https:\/\/www.europesays.com\/fr\/wp-json\/wp\/v2\/tags?post=177273"}],"curies":[{"name":"wp","href":"https:\/\/api.w.org\/{rel}","templated":true}]}}