{"id":177279,"date":"2025-06-15T01:52:24","date_gmt":"2025-06-15T01:52:24","guid":{"rendered":"https:\/\/www.europesays.com\/fr\/177279\/"},"modified":"2025-06-15T01:52:24","modified_gmt":"2025-06-15T01:52:24","slug":"marc-marquez-signe-le-meilleur-temps-des-qualifications-au-qatar-fabio-quartararo-troisieme","status":"publish","type":"post","link":"https:\/\/www.europesays.com\/fr\/177279\/","title":{"rendered":"Marc Marquez signe le meilleur temps des qualifications au Qatar, Fabio Quartararo troisi\u00e8me"},"content":{"rendered":"<p>Ce samedi lors des qualifications du Grand Prix du Qatar, Marc Marquez a sign\u00e9 le meilleur temps alors que Fabio Quartararo a termin\u00e9 troisi\u00e8me.<\/p>\n<p class=\"fig-paragraph\">L&rsquo;Espagnol Marc Marquez a sign\u00e9 samedi le meilleur temps des qualifications, synonyme de pole position pour la course sprint et le Grand Prix du Qatar, 4e manche de la saison de MotoGP.<\/p>\n<p class=\"fig-paragraph\">Le pilote Ducati, qui a r\u00e9cup\u00e9r\u00e9 au passage le record du tour du circuit de Lusail, s&rsquo;\u00e9lancera en premi\u00e8re ligne devant le leader au championnat, son fr\u00e8re Alex Marquez (Ducati-Gresini) et le Fran\u00e7ais Fabio Quartararo, troisi\u00e8me.<\/p>\n<p class=\"fig-paragraph\">Au guidon de sa Yamaha, le champion du monde 2021 signe sa meilleure pr\u00e9sentation en qualifications depuis 2022. Le double champion du monde 2022-2023, l&rsquo;Italien Francesco Bagnaia, partira seulement 11e.<\/p>\n<p class=\"fig-paragraph\">Le tenant du titre Jorge Martin (Aprilia) s&rsquo;\u00e9lancera 14e, ses pires qualifications depuis 2022. L&rsquo;Espagnol, qui s&rsquo;\u00e9tait bless\u00e9 en f\u00e9vrier avant la manche inaugurale de la saison en Tha\u00eflande, fait son grand retour en piste ce week-end apr\u00e8s avoir manqu\u00e9 les trois premiers rendez-vous. Le d\u00e9part de la course sprint sera donn\u00e9 samedi \u00e0 20h00 locales (19h00 fran\u00e7aise) avant le traditionnel Grand Prix dominical.<\/p>\n","protected":false},"excerpt":{"rendered":"Ce samedi lors des qualifications du Grand Prix du Qatar, Marc Marquez a sign\u00e9 le meilleur temps alors&hellip;\n","protected":false},"author":2,"featured_media":177280,"comment_status":"","ping_status":"","sticky":false,"template":"","format":"standard","meta":{"footnotes":"","_share_on_mastodon":"0"},"categories":[1413],"tags":[7589,7590,1976,525,7592,1981,1979,4266,1680,1011,27,7591,1982,4922,1461,1457,6033,1456,1458,1978,1980,60,4921],"class_list":["post-177279","post","type-post","status-publish","format-standard","has-post-thumbnail","category-moto","tag-125cc","tag-250cc","tag-auto-moto","tag-calendrier","tag-circuits","tag-classement","tag-constructeurs","tag-ducati","tag-fabio-quartararo","tag-fr","tag-france","tag-gp","tag-grand-prix","tag-honda","tag-marc-marquez","tag-moto","tag-moto-gp","tag-motocycle","tag-motogp","tag-pilotes","tag-resultats","tag-sports","tag-yamaha"],"share_on_mastodon":{"url":"https:\/\/pubeurope.com\/@fr\/114684883292051956","error":""},"_links":{"self":[{"href":"https:\/\/www.europesays.com\/fr\/wp-json\/wp\/v2\/posts\/177279","targetHints":{"allow":["GET"]}}],"collection":[{"href":"https:\/\/www.europesays.com\/fr\/wp-json\/wp\/v2\/posts"}],"about":[{"href":"https:\/\/www.europesays.com\/fr\/wp-json\/wp\/v2\/types\/post"}],"author":[{"embeddable":true,"href":"https:\/\/www.europesays.com\/fr\/wp-json\/wp\/v2\/users\/2"}],"replies":[{"embeddable":true,"href":"https:\/\/www.europesays.com\/fr\/wp-json\/wp\/v2\/comments?post=177279"}],"version-history":[{"count":0,"href":"https:\/\/www.europesays.com\/fr\/wp-json\/wp\/v2\/posts\/177279\/revisions"}],"wp:featuredmedia":[{"embeddable":true,"href":"https:\/\/www.europesays.com\/fr\/wp-json\/wp\/v2\/media\/177280"}],"wp:attachment":[{"href":"https:\/\/www.europesays.com\/fr\/wp-json\/wp\/v2\/media?parent=177279"}],"wp:term":[{"taxonomy":"category","embeddable":true,"href":"https:\/\/www.europesays.com\/fr\/wp-json\/wp\/v2\/categories?post=177279"},{"taxonomy":"post_tag","embeddable":true,"href":"https:\/\/www.europesays.com\/fr\/wp-json\/wp\/v2\/tags?post=177279"}],"curies":[{"name":"wp","href":"https:\/\/api.w.org\/{rel}","templated":true}]}}