{"id":17728,"date":"2025-04-11T16:27:10","date_gmt":"2025-04-11T16:27:10","guid":{"rendered":"https:\/\/www.europesays.com\/fr\/17728\/"},"modified":"2025-04-11T16:27:10","modified_gmt":"2025-04-11T16:27:10","slug":"airbus-defence-space-a-inaugure-un-eurodrone-lab-en-allemagne","status":"publish","type":"post","link":"https:\/\/www.europesays.com\/fr\/17728\/","title":{"rendered":"Airbus Defence &#038; Space a inaugur\u00e9 un \u00ab\u00a0EuroDrone Lab\u00a0\u00bb en Allemagne"},"content":{"rendered":"<p><img fetchpriority=\"high\" decoding=\"async\" src=\"https:\/\/www.europesays.com\/fr\/wp-content\/uploads\/2025\/04\/eurodrone-20250411.jpg\" alt=\"\" width=\"600\" height=\"400\" class=\"alignnone size-full wp-image-81490\"  \/><\/p>\n<p>Propos\u00e9 en 2013 par Airbus Defence &amp; Space, Dassault Aviation et Leonard, le projet \u00ab\u00a0EuroDrone\u00a0\u00bb a mis du temps pour se concr\u00e9tiser, faute de trouver un accord entre les industriels et les \u00c9tats clients [France, Allemagne, Italie, Espagne]. <\/p>\n<p>En effet, ce n\u2019est qu\u2019en f\u00e9vrier 2022 que l\u2019Organisation Conjointe de Coop\u00e9ration en mati\u00e8re d\u2019Armement [OCCAr] a notifi\u00e9 le contrat \u00ab\u00a0MALE RPAS Stage 2\u00a0\u00bb \u00e0 Airbus Defence &amp; Space, d\u00e9sign\u00e9 ma\u00eetre d\u2019\u0153uvre. Ce qui ainsi ouvert la voie au d\u00e9veloppement et \u00e0 la production de vingt syst\u00e8mes, chacun d\u2019entre eux \u00e9tant compos\u00e9 de trois \u00ab\u00a0Eurodrone\u00a0\u00bb et de deux stations de contr\u00f4le au sol. <\/p>\n<p>Pour autant, ce drone MALE [Moyenne Altitude Longue Endurance] tr\u00e8s imposant [10 tonnes pour une envergure de 26 m\u00e8tres] est encore loin d\u2019\u00eatre op\u00e9rationnel. Actuellement, apr\u00e8s avoir franchi l\u2019\u00e9tape de l\u2019examen de conception pr\u00e9liminaire [PDR \u2013 Preliminary Design Review] avec plusieurs mois de retard, sa revue critique de conception [CDR \u2013 Critical Design Review] est encore en cours. <\/p>\n<p>Selon le \u00ab\u00a0business plan\u00a0\u00bb de l\u2019OCCAr, l\u2019assemblage d\u2019un prototype doit commencer cette ann\u00e9e, l\u2019objectif \u00e9tant de pouvoir entamer les essais en vol en 2026. En attendant, Airbus Defence &amp; Space a inaugur\u00e9 \u00ab\u00a0l\u2019EuroDrone Lab\u00a0\u00bb, en Bavi\u00e8re, ce 11 avril. <\/p>\n<p>\u00ab\u00a0L\u2019EuroDrone franchit une nouvelle \u00e9tape : aujourd\u2019hui, avec des repr\u00e9sentants de l\u2019OCCAr, nous avons officiellement inaugur\u00e9 notre tout nouveau \u2018Laboratoire EuroDrone\u2019 \u00e0 Manching, en Allemagne\u00a0\u00bb, a en effet annonc\u00e9 l\u2019industriel, via ses r\u00e9seaux sociaux. <\/p>\n<p>Selon les explications qu\u2019il a donn\u00e9es, ce \u00ab\u00a0laboratoire\u00a0\u00bb sera charg\u00e9 de \u00ab\u00a0tester minutieusement\u00a0\u00bb tous les syst\u00e8mes, avant \u00ab\u00a0leur int\u00e9gration\u00a0\u00bb dans le drone et dans les stations au sol. <\/p>\n<p>\u00ab\u00a0Nous testerons d\u2019abord individuellement le mat\u00e9riel et les logiciels sur ordinateur, puis nous les connecterons et enfin les ferons fonctionner ensemble lors d\u2019un test d\u2019int\u00e9gration syst\u00e8me global\u00a0\u00bb, a pr\u00e9cis\u00e9 Airbus Defence &amp; Space. <\/p>\n<p>Outre Dassault Aviation et Leonardo, impliqu\u00e9 dans ce programme en tant que principaux sous-traitants, d\u2019autres industriels fourniront des sous-syst\u00e8mes critiques de l\u2019Eurodrone, comme Avia Aero pour le turbopropulseur \u00ab\u00a0Catalyst\u00a0\u00bb, Saab ou encore Safran. <\/p>\n<p>Cela \u00e9tant, dans son message, Airbus Defense &amp; Space indique que le premier vol de l\u2019EuroDrone est pr\u00e9vu \u00ab\u00a0avant la fin de la d\u00e9cennie\u00a0\u00bb\u2026 S\u2019agit-il du prototype ou de la version finale de cet appareil ? <\/p>\n<p>Reste que le retard pris par ce programme n\u2019est pas sans agacer S\u00e9bastien Lecornu, le ministre des Arm\u00e9es, celui-ci ayant r\u00e9cemment \u00e9voqu\u00e9 la possibilit\u00e9 d\u2019infliger des p\u00e9nalit\u00e9s aux industriels. \u00ab\u00a0L\u2019enjeu, maintenant, c\u2019est d\u2019avoir une livraison dans les forces d\u2019un drone qui soit toujours d\u2019actualit\u00e9 du point de vue op\u00e9rationnel. Nous devrons en parler avec les diff\u00e9rents partenaires\u00a0\u00bb, avait-il en effet affirm\u00e9, en octobre dernier. <\/p>\n<blockquote class=\"twitter-tweet\">\n<p lang=\"en\" dir=\"ltr\"><a href=\"https:\/\/twitter.com\/hashtag\/Eurodrone?src=hash&amp;ref_src=twsrc%5Etfw\" target=\"_blank\" rel=\"noopener\">#Eurodrone<\/a> reaches the next milestone: Today, together with representatives of OCCAR, we officially opened our brand new \u201cEurodrone Lab\u201d in Manching, Germany. Here we will thoroughly test all flight and ground systems of the Eurodrone, before they are installed and deployed in\u2026 <a href=\"https:\/\/t.co\/y9Obf58ykC\">pic.twitter.com\/y9Obf58ykC<\/a><\/p>\n<p>\u2014 Airbus Defence (@AirbusDefence) <a href=\"https:\/\/twitter.com\/AirbusDefence\/status\/1910595492553048260?ref_src=twsrc%5Etfw\" target=\"_blank\" rel=\"noopener\">April 11, 2025<\/a><\/p>\n<\/blockquote>\n<p>Quoi qu\u2019il en soit, \u00ab\u00a0l\u2019Eurodrone sera le premier drone europ\u00e9en de type MALE et de grande taille \u00e0 \u00eatre certifi\u00e9 pour voler dans l\u2019espace a\u00e9rien europ\u00e9en tr\u00e8s fr\u00e9quent\u00e9. Gr\u00e2ce \u00e0 lui, l\u2019Allemagne, la France, l\u2019Italie et l\u2019Espagne n\u2019auront plus besoin de drones militaires de fabricants ext\u00e9rieurs \u00e0 l\u2019Europe\u00a0\u00bb, a fait valoir Airbus. Ce qui reste encore \u00e0 d\u00e9montrer\u2026<\/p>\n<p>En tout cas, a poursuivi l\u2019industriel, avec l\u2019EuroDrone, ces pays \u00ab\u00a0pourront assurer en toute souverainet\u00e9 une grande vari\u00e9t\u00e9 de missions : surveillance de vastes zones, ou reconnaissance, acquisition d\u2019objectifs, renseignement d\u2019origine \u00e9lectromagn\u00e9tique, alerte pr\u00e9coce, protection des infrastructures critiques, lutte anti-sous-marine et anti-surface\u00a0\u00bb. <\/p>\n<p>\t\t\t\t\t\t\t\t\t\t\t\t\t<script async src=\"https:\/\/platform.twitter.com\/widgets.js\" charset=\"utf-8\"><\/script><\/p>\n","protected":false},"excerpt":{"rendered":"Propos\u00e9 en 2013 par Airbus Defence &amp; Space, Dassault Aviation et Leonard, le projet \u00ab\u00a0EuroDrone\u00a0\u00bb a mis du&hellip;\n","protected":false},"author":2,"featured_media":17729,"comment_status":"","ping_status":"","sticky":false,"template":"","format":"standard","meta":{"footnotes":""},"categories":[1587],"tags":[11,36,672,1804,1805,1803,564,7138,1777,7139,7140,674,1801,7141,7142,7143,12,7144,1802],"class_list":{"0":"post-17728","1":"post","2":"type-post","3":"status-publish","4":"format-standard","5":"has-post-thumbnail","7":"category-allemagne","8":"tag-actualites","9":"tag-airbus","10":"tag-allemagne","11":"tag-bundesrepublik-deutschland","12":"tag-de","13":"tag-deutschland","14":"tag-drone","15":"tag-drone-male","16":"tag-eu","17":"tag-eurodrone","18":"tag-eurodrone-lab","19":"tag-europe","20":"tag-germany","21":"tag-laboratoire","22":"tag-male-rpas","23":"tag-manching","24":"tag-news","25":"tag-occar","26":"tag-republique-federale-dallemagne"},"share_on_mastodon":{"url":"https:\/\/pubeurope.com\/@fr\/114320273869915349","error":""},"_links":{"self":[{"href":"https:\/\/www.europesays.com\/fr\/wp-json\/wp\/v2\/posts\/17728","targetHints":{"allow":["GET"]}}],"collection":[{"href":"https:\/\/www.europesays.com\/fr\/wp-json\/wp\/v2\/posts"}],"about":[{"href":"https:\/\/www.europesays.com\/fr\/wp-json\/wp\/v2\/types\/post"}],"author":[{"embeddable":true,"href":"https:\/\/www.europesays.com\/fr\/wp-json\/wp\/v2\/users\/2"}],"replies":[{"embeddable":true,"href":"https:\/\/www.europesays.com\/fr\/wp-json\/wp\/v2\/comments?post=17728"}],"version-history":[{"count":0,"href":"https:\/\/www.europesays.com\/fr\/wp-json\/wp\/v2\/posts\/17728\/revisions"}],"wp:featuredmedia":[{"embeddable":true,"href":"https:\/\/www.europesays.com\/fr\/wp-json\/wp\/v2\/media\/17729"}],"wp:attachment":[{"href":"https:\/\/www.europesays.com\/fr\/wp-json\/wp\/v2\/media?parent=17728"}],"wp:term":[{"taxonomy":"category","embeddable":true,"href":"https:\/\/www.europesays.com\/fr\/wp-json\/wp\/v2\/categories?post=17728"},{"taxonomy":"post_tag","embeddable":true,"href":"https:\/\/www.europesays.com\/fr\/wp-json\/wp\/v2\/tags?post=17728"}],"curies":[{"name":"wp","href":"https:\/\/api.w.org\/{rel}","templated":true}]}}