{"id":177281,"date":"2025-06-15T01:53:08","date_gmt":"2025-06-15T01:53:08","guid":{"rendered":"https:\/\/www.europesays.com\/fr\/177281\/"},"modified":"2025-06-15T01:53:08","modified_gmt":"2025-06-15T01:53:08","slug":"la-colere-feroce-de-yuki-tsunoda-face-a-une-penalite-de-grille-ridicule-secoue-larene-de-la-formule-1","status":"publish","type":"post","link":"https:\/\/www.europesays.com\/fr\/177281\/","title":{"rendered":"La col\u00e8re f\u00e9roce de Yuki Tsunoda face \u00e0 une p\u00e9nalit\u00e9 de grille &lsquo;ridicule&rsquo; secoue l&rsquo;ar\u00e8ne de la Formule 1."},"content":{"rendered":"<p>Yuki Tsunoda critique une p\u00e9nalit\u00e9 de grille de 10 places \u00ab\u00a0ridicule\u00a0\u00bb au Grand Prix du Canada de F1<\/p>\n<p>Le pilote japonais Yuki Tsunoda a exprim\u00e9 sa col\u00e8re face \u00e0 une p\u00e9nalit\u00e9 de grille controvers\u00e9e qui a boulevers\u00e9 le Grand Prix du Canada de Formule 1. Le pilote de Red Bull a re\u00e7u une s\u00e9v\u00e8re p\u00e9nalit\u00e9 de 10 places sur la grille apr\u00e8s avoir d\u00e9pass\u00e9 Oscar Piastri lors de la s\u00e9ance d\u2019essais sous drapeau rouge, une d\u00e9cision que Tsunoda trouve totalement \u00ab\u00a0ridicule\u00a0\u00bb.<\/p>\n<p>La controverse s\u2019est d\u00e9roul\u00e9e lorsque Tsunoda a \u00e9t\u00e9 convoqu\u00e9 pour rencontrer les commissaires avant les qualifications. Les officiels ont conclu que Tsunoda avait enfreint les r\u00e8glements en d\u00e9passant Piastri apr\u00e8s une situation de drapeau rouge caus\u00e9e par l\u2019incident de McLaren au dernier virage lors de la FP3. En cons\u00e9quence, la p\u00e9nalit\u00e9 de Tsunoda le verra r\u00e9trograd\u00e9 \u00e0 l\u2019arri\u00e8re de la grille \u00e0 Montr\u00e9al, en partant de la 11e place.<\/p>\n<p>Bien que Tsunoda reconnaisse la man\u0153uvre de d\u00e9passement sur Piastri dans la ligne droite arri\u00e8re du Circuit Gilles Villeneuve, il soutient que des pr\u00e9occupations de s\u00e9curit\u00e9 justifiaient ses actions. Tsunoda a exprim\u00e9 sa perplexit\u00e9, d\u00e9clarant : \u00ab\u00a0Dix places, c\u2019est ridicule pour moi. Je ne sais pas ce qu\u2019ils veulent que je fasse.\u00a0\u00bb<\/p>\n<p>Le pilote japonais a pr\u00e9cis\u00e9 son point de vue, soulignant le danger potentiel pos\u00e9 par les d\u00e9bris de la voiture endommag\u00e9e de Piastri. Tsunoda s\u2019est retrouv\u00e9 derri\u00e8re Piastri alors que le pilote australien naviguait sur la piste avec des dommages importants, ce qui a pouss\u00e9 Tsunoda \u00e0 prendre une d\u00e9cision en une fraction de seconde pour garantir sa s\u00e9curit\u00e9.<\/p>\n<p>La frustration de Tsunoda \u00e9tait palpable alors qu\u2019il r\u00e9fl\u00e9chissait \u00e0 l\u2019impact de la p\u00e9nalit\u00e9 sur ses perspectives de course. Malgr\u00e9 un rythme prometteur et un passage \u00e0 un cheveu de la Q3 apr\u00e8s la derni\u00e8re mise \u00e0 jour de Red Bull, Tsunoda a d\u00e9plor\u00e9 ce revers, en remarquant : \u00ab\u00a0C\u2019est tr\u00e8s frustrant.\u00a0\u00bb<\/p>\n<p>La p\u00e9nalit\u00e9 de grille a port\u00e9 un coup significatif aux aspirations de Tsunoda pour une performance solide au Grand Prix du Canada. Contraint de partir de l\u2019arri\u00e8re de la grille, Tsunoda fait face \u00e0 une bataille difficile pour remonter des positions et sauver son week-end de course.<\/p>\n<p>L\u2019incident controvers\u00e9 a d\u00e9clench\u00e9 un d\u00e9bat au sein de la communaut\u00e9 F1, les fans et les experts s\u2019exprimant sur la d\u00e9cision des commissaires et ses implications pour la saison de Tsunoda. Alors que le pilote japonais se pr\u00e9pare \u00e0 relever les d\u00e9fis qui l\u2019attendent le jour de la course, le spectre de la p\u00e9nalit\u00e9 sur la grille plane, ajoutant une couche suppl\u00e9mentaire de drame \u00e0 un week-end de Grand Prix d\u00e9j\u00e0 intense.<\/p>\n","protected":false},"excerpt":{"rendered":"Yuki Tsunoda critique une p\u00e9nalit\u00e9 de grille de 10 places \u00ab\u00a0ridicule\u00a0\u00bb au Grand Prix du Canada de F1&hellip;\n","protected":false},"author":2,"featured_media":177282,"comment_status":"","ping_status":"","sticky":false,"template":"","format":"standard","meta":{"footnotes":""},"categories":[1412],"tags":[1451,1452,1453,1454,1455,1011,27,60,31350],"class_list":{"0":"post-177281","1":"post","2":"type-post","3":"status-publish","4":"format-standard","5":"has-post-thumbnail","7":"category-f1","8":"tag-f1","9":"tag-formula-1","10":"tag-formula1","11":"tag-formule-1","12":"tag-formule1","13":"tag-fr","14":"tag-france","15":"tag-sports","16":"tag-yuki-tsunodas"},"share_on_mastodon":{"url":"https:\/\/pubeurope.com\/@fr\/114684887279993813","error":""},"_links":{"self":[{"href":"https:\/\/www.europesays.com\/fr\/wp-json\/wp\/v2\/posts\/177281","targetHints":{"allow":["GET"]}}],"collection":[{"href":"https:\/\/www.europesays.com\/fr\/wp-json\/wp\/v2\/posts"}],"about":[{"href":"https:\/\/www.europesays.com\/fr\/wp-json\/wp\/v2\/types\/post"}],"author":[{"embeddable":true,"href":"https:\/\/www.europesays.com\/fr\/wp-json\/wp\/v2\/users\/2"}],"replies":[{"embeddable":true,"href":"https:\/\/www.europesays.com\/fr\/wp-json\/wp\/v2\/comments?post=177281"}],"version-history":[{"count":0,"href":"https:\/\/www.europesays.com\/fr\/wp-json\/wp\/v2\/posts\/177281\/revisions"}],"wp:featuredmedia":[{"embeddable":true,"href":"https:\/\/www.europesays.com\/fr\/wp-json\/wp\/v2\/media\/177282"}],"wp:attachment":[{"href":"https:\/\/www.europesays.com\/fr\/wp-json\/wp\/v2\/media?parent=177281"}],"wp:term":[{"taxonomy":"category","embeddable":true,"href":"https:\/\/www.europesays.com\/fr\/wp-json\/wp\/v2\/categories?post=177281"},{"taxonomy":"post_tag","embeddable":true,"href":"https:\/\/www.europesays.com\/fr\/wp-json\/wp\/v2\/tags?post=177281"}],"curies":[{"name":"wp","href":"https:\/\/api.w.org\/{rel}","templated":true}]}}