{"id":177301,"date":"2025-06-15T02:04:09","date_gmt":"2025-06-15T02:04:09","guid":{"rendered":"https:\/\/www.europesays.com\/fr\/177301\/"},"modified":"2025-06-15T02:04:09","modified_gmt":"2025-06-15T02:04:09","slug":"corinne-touzet-evoque-avec-emotion-la-mort-de-son-chien","status":"publish","type":"post","link":"https:\/\/www.europesays.com\/fr\/177301\/","title":{"rendered":"Corinne Touzet \u00e9voque avec \u00e9motion la mort de son chien"},"content":{"rendered":"<p>Dans \u00abC l\u2019hebdo\u00bb, l\u2019actrice a prouv\u00e9 une fois de plus tout l\u2019amour qu\u2019elle porte aux animaux. Face \u00e0 Aur\u00e9lie Casse, elle a assur\u00e9 que son labrador l\u2019avait attendu pour mourir.<\/p>\n<p class=\"fig-paragraph\">Cette femme d\u2019honneur profite du num\u00e9ro sp\u00e9cial de \u00abC l\u2019hebdo\u00bb de ce samedi 14 juin consacr\u00e9 \u00e0 nos amis \u00e0 quatre pattes pour d\u00e9clarer\u00a0: \u00abC\u2019est toute ma vie les animaux\u00bb. \u00abIls me r\u00e9concilient avec l\u2019amour, le partage et le don de soi\u00bb, t\u00e9moigne<strong>\u00a0<\/strong><a href=\"http:\/\/tvmag.lefigaro.fr\/programme-tv\/actu-tele\/c-est-quelqu-un-que-j-ai-beaucoup-aime-corinne-touzet-emue-aux-larmes-en-evoquant-un-celebre-comedien-20240130\" target=\"_blank\" data-fig-type=\"Article\" rel=\"noopener\" data-gtm-custom-categorie=\"navigation\" data-gtm-custom-action=\"crossclick\" data-gtm-custom-label=\"Contextuel\" data-gtm-event=\"customEventSPE\" data-fig-domain=\"TVMAG\"><strong>Corinne Touzet<\/strong><\/a> \u00a0avant d\u2019annoncer\u00a0: \u00abJe finirai ma vie au fond des bois, car je ne peux plus supporter le monde dans lequel on vit, avec un \u00e2ne, un cheval , un chien, des chats.\u00bb<\/p>\n<p class=\"fig-paragraph\">C\u2019est ensuite sur un \u00e9v\u00e9nement intime de sa vie qui l\u2019a beaucoup affect\u00e9 que l\u2019actrice se confie. La mort de son chien. Un labrador qu\u2019elle \u00aba gard\u00e9 14 ans\u00bb et qui \u00abest parti d\u2019un cancer g\u00e9n\u00e9ralis\u00e9\u00bb. \u00abIl \u00e9tait malade depuis longtemps, il avait des tumeurs mais \u00e0 la campagne il vivait bien. Comme tous les labradors, il a tout le temps et jusqu\u2019au bout, jou\u00e9 et fait la f\u00eate\u00bb, poursuit-elle. \u00c0 ses c\u00f4t\u00e9s, Rapha\u00ebl Mezrahi, un autre amoureux des animaux, \u00e9coute avec attention. L\u2019humoriste avait pr\u00e9sent\u00e9 les nombreux chats dont il s\u2019occupe \u00e0 Thibault Gauthier dans\u00a0<a href=\"https:\/\/video.lefigaro.fr\/figarotv\/video\/le-figaro-la-nuit-raphael-mezrahi\/\" target=\"_blank\" data-fig-type=\"Video\" rel=\"noopener\" data-gtm-custom-categorie=\"navigation\" data-gtm-custom-action=\"crossclick\" data-gtm-custom-label=\"Contextuel\" data-gtm-event=\"customEventSPE\" data-fig-domain=\"VIDEO\">\u00abLe Figaro la nuit\u00bb<\/a>.<\/p>\n<blockquote class=\"fig-quote&#10;    \">\n<p class=\"fig-quote__text\">Le matin, ce jour-l\u00e0, je me suis dit, il va partir aujourd\u2019hui.<\/p>\n<p>            Corinne Touzet dans \u00abC l\u2019hebdo\u00bb\n    <\/p><\/blockquote>\n<p class=\"fig-paragraph\">\u00abMon angoisse, c\u2019\u00e9tait de ne pas \u00eatre l\u00e0 quand il allait partir\u00bb, continue Corinne Touzet face \u00e0\u00a0<a href=\"http:\/\/tvmag.lefigaro.fr\/programme-tv\/actu-tele\/c-est-d-une-grande-violence-cette-question-aurelie-casse-destabilise-eric-dupont-moretti-dans-c-l-hebdo-20250531\" target=\"_blank\" data-fig-type=\"Article\" rel=\"noopener\" data-gtm-custom-categorie=\"navigation\" data-gtm-custom-action=\"crossclick\" data-gtm-custom-label=\"Contextuel\" data-gtm-event=\"customEventSPE\" data-fig-domain=\"TVMAG\">Aur\u00e9lie Casse<\/a>\u00a0sur France 5. En tournage \u00e0 une trentaine de kilom\u00e8tres de chez elle, l\u2019actrice a \u00e9t\u00e9 avertie par le p\u00e8re de sa fille par t\u00e9l\u00e9phone de l\u2019\u00e9tat de son animal de compagnie. Elle se souvient d\u2019une intuition\u00a0: \u00abLe matin, ce jour-l\u00e0, je me suis dit, il va partir aujourd\u2019hui.\u00bb<\/p>\n<p class=\"fig-paragraph\">Le chien l\u2019attendait \u00e0 l\u2019endroit o\u00f9 elle garait sa voiture tous les jours, dans la cour de la maison. Le r\u00e9cit se poursuit, Corinne Touzet a la voix tremblante d\u2019\u00e9motion et les larmes qui montent\u00a0: \u00abIl est mort une heure apr\u00e8s.\u00bb<\/p>\n<p class=\"fig-paragraph\">\u00abJe pense sinc\u00e8rement qu\u2019ils savent qu\u2019ils vont partir, mais que surtout, ils peuvent tenir longtemps par amour. Ils nous aiment tellement, on fait partie de leur vie. C\u2019est pour \u00e7a que je dis toujours qu\u2019on ne perd pas un animal, on perd un ami. Ce jour-l\u00e0, il attendait sa \u201cmaman\u201d pour s\u2019en aller\u00bb, conclut-elle.<\/p>\n","protected":false},"excerpt":{"rendered":"Dans \u00abC l\u2019hebdo\u00bb, l\u2019actrice a prouv\u00e9 une fois de plus tout l\u2019amour qu\u2019elle porte aux animaux. Face \u00e0&hellip;\n","protected":false},"author":2,"featured_media":177302,"comment_status":"","ping_status":"","sticky":false,"template":"","format":"standard","meta":{"footnotes":""},"categories":[8],"tags":[976,1000,58,59,1011,27,4467,1714,1718,1713,973,1717,1715,1716],"class_list":{"0":"post-177301","1":"post","2":"type-post","3":"status-publish","4":"format-standard","5":"has-post-thumbnail","7":"category-divertissement","8":"tag-actu-people","9":"tag-celebrites","10":"tag-divertissement","11":"tag-entertainment","12":"tag-fr","13":"tag-france","14":"tag-france-5","15":"tag-info-people","16":"tag-infos-people-du-jour","17":"tag-news-people","18":"tag-people","19":"tag-photo-people","20":"tag-potins-de-stars","21":"tag-potins-people"},"share_on_mastodon":{"url":"https:\/\/pubeurope.com\/@fr\/114684930877807916","error":""},"_links":{"self":[{"href":"https:\/\/www.europesays.com\/fr\/wp-json\/wp\/v2\/posts\/177301","targetHints":{"allow":["GET"]}}],"collection":[{"href":"https:\/\/www.europesays.com\/fr\/wp-json\/wp\/v2\/posts"}],"about":[{"href":"https:\/\/www.europesays.com\/fr\/wp-json\/wp\/v2\/types\/post"}],"author":[{"embeddable":true,"href":"https:\/\/www.europesays.com\/fr\/wp-json\/wp\/v2\/users\/2"}],"replies":[{"embeddable":true,"href":"https:\/\/www.europesays.com\/fr\/wp-json\/wp\/v2\/comments?post=177301"}],"version-history":[{"count":0,"href":"https:\/\/www.europesays.com\/fr\/wp-json\/wp\/v2\/posts\/177301\/revisions"}],"wp:featuredmedia":[{"embeddable":true,"href":"https:\/\/www.europesays.com\/fr\/wp-json\/wp\/v2\/media\/177302"}],"wp:attachment":[{"href":"https:\/\/www.europesays.com\/fr\/wp-json\/wp\/v2\/media?parent=177301"}],"wp:term":[{"taxonomy":"category","embeddable":true,"href":"https:\/\/www.europesays.com\/fr\/wp-json\/wp\/v2\/categories?post=177301"},{"taxonomy":"post_tag","embeddable":true,"href":"https:\/\/www.europesays.com\/fr\/wp-json\/wp\/v2\/tags?post=177301"}],"curies":[{"name":"wp","href":"https:\/\/api.w.org\/{rel}","templated":true}]}}